{"id":68970,"date":"2025-11-28T16:06:07","date_gmt":"2025-11-28T16:06:07","guid":{"rendered":"https:\/\/www.europesays.com\/nl\/68970\/"},"modified":"2025-11-28T16:06:07","modified_gmt":"2025-11-28T16:06:07","slug":"pauline-wingelaar-nam-overdosis-xtc-likte-de-muur","status":"publish","type":"post","link":"https:\/\/www.europesays.com\/nl\/68970\/","title":{"rendered":"Pauline Wingelaar nam overdosis XTC: &#8216;Likte de muur&#8217;"},"content":{"rendered":"\n<p>&#8220;Ik had mijn hele mond kapot gebeten&#8221;<\/p>\n<p>De blondines waren begin twintig toen ze in Bo\u2019s auto richting Parijs reden om daar met vriendinnen het nieuwe jaar in te luiden. De meidentrip verliep alleen iets anders dan gepland, toen de Gooische meiden via via XTC in handen kregen. &#8220;Je bent jong en na\u00efef en neemt zo&#8217;n pil&#8221;, zegt Bo.<\/p>\n<p>Pauline voelde in eerste instantie niks van de halve pil, dus nam ze er nog \u00e9\u00e9n. En later nog \u00e9\u00e9n. &#8220;Ik zweer het, ik heb twee\u00ebnhalve pil op in anderhalf uur tijd&#8221;, zegt ze, tot verbijstering van Bo: &#8220;Nee, heb je er z\u00f3veel op?&#8221;<\/p>\n<p>Tekst gaat verder onder het Instagram-bericht.<\/p>\n<p>De drugs, die de meiden blind hadden aangenomen, bleek geen gewone xtc, maar pure MDMA te zijn. En dat viel zacht gezegd n\u00e9t niet helemaal lekker bij Pauline. &#8220;Ik weet nog dat ik me omdraaide en dat Pauline de muur stond af te likken. Je had gewoon een overdosis&#8221;, aldus Bo.<\/p>\n<p>Pauline zelf herinnert zich vooral dat ze op een bank stond en kauwde alsof haar leven ervan afhing. &#8220;Ik had mijn hele mond kapot gebeten. Het was echt eng.&#8221;<\/p>\n<p>De nachtmerrie eindigde met een harde les. &#8220;Achteraf is het een goed verhaal, maar het was echt onverantwoord&#8221;, zegt Pauline. &#8220;We lachen er nu om, maar het was best heftig&#8221;, besluit Bo. Sindsdien hebben de dames dan ook geen drugs meer aangeraakt.<\/p>\n<p>Pauline werd vorige week ontmaskerd in The Masked Singer. In de video hieronder reageert &#8216;de ijscoupe&#8217; zelf op haar exit uit het programma.<\/p>\n","protected":false},"excerpt":{"rendered":"&#8220;Ik had mijn hele mond kapot gebeten&#8221; De blondines waren begin twintig toen ze in Bo\u2019s auto richting&hellip;\n","protected":false},"author":2,"featured_media":68971,"comment_status":"","ping_status":"","sticky":false,"template":"","format":"standard","meta":{"footnotes":""},"categories":[19],"tags":[16289,48,46,47,49,45,50,3591,83,85,86,90,84,89,87,88],"class_list":{"0":"post-68970","1":"post","2":"type-post","3":"status-publish","4":"format-standard","5":"has-post-thumbnail","7":"category-wetenschap-en-technologie","8":"tag-bo-wilkes","9":"tag-dutch","10":"tag-nederland","11":"tag-nederlanden","12":"tag-nederlands","13":"tag-netherlands","14":"tag-nl","15":"tag-pauline-wingelaar","16":"tag-science","17":"tag-science-and-technology","18":"tag-scienceandtechnology","19":"tag-technologie","20":"tag-technology","21":"tag-wetenschap","22":"tag-wetenschap-en-technologie","23":"tag-wetenschaptechnologie"},"share_on_mastodon":{"url":"https:\/\/pubeurope.com\/@nl\/115628184979120308","error":""},"_links":{"self":[{"href":"https:\/\/www.europesays.com\/nl\/wp-json\/wp\/v2\/posts\/68970","targetHints":{"allow":["GET"]}}],"collection":[{"href":"https:\/\/www.europesays.com\/nl\/wp-json\/wp\/v2\/posts"}],"about":[{"href":"https:\/\/www.europesays.com\/nl\/wp-json\/wp\/v2\/types\/post"}],"author":[{"embeddable":true,"href":"https:\/\/www.europesays.com\/nl\/wp-json\/wp\/v2\/users\/2"}],"replies":[{"embeddable":true,"href":"https:\/\/www.europesays.com\/nl\/wp-json\/wp\/v2\/comments?post=68970"}],"version-history":[{"count":0,"href":"https:\/\/www.europesays.com\/nl\/wp-json\/wp\/v2\/posts\/68970\/revisions"}],"wp:featuredmedia":[{"embeddable":true,"href":"https:\/\/www.europesays.com\/nl\/wp-json\/wp\/v2\/media\/68971"}],"wp:attachment":[{"href":"https:\/\/www.europesays.com\/nl\/wp-json\/wp\/v2\/media?parent=68970"}],"wp:term":[{"taxonomy":"category","embeddable":true,"href":"https:\/\/www.europesays.com\/nl\/wp-json\/wp\/v2\/categories?post=68970"},{"taxonomy":"post_tag","embeddable":true,"href":"https:\/\/www.europesays.com\/nl\/wp-json\/wp\/v2\/tags?post=68970"}],"curies":[{"name":"wp","href":"https:\/\/api.w.org\/{rel}","templated":true}]}}