{"id":69496,"date":"2025-11-29T06:36:17","date_gmt":"2025-11-29T06:36:17","guid":{"rendered":"https:\/\/www.europesays.com\/nl\/69496\/"},"modified":"2025-11-29T06:36:17","modified_gmt":"2025-11-29T06:36:17","slug":"coefficienten-nabeschouwing-28-nov-coefficienten","status":"publish","type":"post","link":"https:\/\/www.europesays.com\/nl\/69496\/","title":{"rendered":"Co\u00ebffici\u00ebnten Nabeschouwing (28 NOV) &#8211; Co\u00ebffici\u00ebnten"},"content":{"rendered":"<ol>\n<li><a href=\"https:\/\/news.google.com\/rss\/articles\/CBMie0FVX3lxTE1OREhWYWJnWm0yUi02eG5kVmYwSE85cTlIa2ZmdE5Uc3ZJYllfYWtUU1Vqd0owM0tSdThlRVM3ekw2c3ViVUlkNmFfTk90bW83MndhNWotaHEwQlVDYnExTDdha3pIdEt2ZlhTRURHMFFfUG56eG1zcDlDQQ?oc=5\" target=\"_blank\" rel=\"nofollow noopener\">Co\u00ebffici\u00ebnten Nabeschouwing (28 NOV)<\/a>&nbsp;&nbsp;Co\u00ebffici\u00ebnten<\/li>\n<li><a href=\"https:\/\/news.google.com\/rss\/articles\/CBMiugFBVV95cUxPTFpWa2duMUhUeWdrbl96VWgtT1BZTExXd1VBY3cydTFoaGFjTzRiNkxyMGVFM0V6bFdJNng4U0ZTQnRXRzcwTUUzaHRQSWUzY0VvRVRpS0NOX2J3RFVNandfZXVUZmZNOUpiWW5XRkxQRUdyZGxPTXgxZE1PYmxSdEF1TkROdnhBU1NOQVRRS0VpVVFQNG5IN2RyS1ZiQ0ExSFEzZUhWLUJHMXlLYl8wbFgzVUljOEx4MGc?oc=5\" target=\"_blank\" rel=\"nofollow noopener\">Nederland voelt hete adem van Portugal op co\u00ebffici\u00ebntenranglijst na magere week<\/a>&nbsp;&nbsp;NU<\/li>\n<li><a href=\"https:\/\/news.google.com\/rss\/articles\/CBMizgFBVV95cUxPNzRfNmk1bnNYemo4N1JWV3FSaXBYVFVwR09VYzlyb2Itbnh5by02cnFJbEhMV2JReE1BekFfZlhSOXdOcXpBTlJ1eVRmZmNUaVRKT3RSblZYVHlUZ3dycUhSSXZ6QjZYUnhIbUw4QXN6QVlSS0s0WWVRVlpocDU1c0xMQnA1QjMyMzVJM3pEOHBVaGZIbWh3TjBhWTlqNjdhNzBWRmkwdTdpTXZLdU9pcG5Ld1g1M0pEVEJkc1JCWVltZWZIRGVsWVhIcy1rdw?oc=5\" target=\"_blank\" rel=\"nofollow noopener\">Raakt Nederland tweede CL-ticket kwijt? Zorgwekkend vooruitzicht na teleurstellende week in Europa<\/a>&nbsp;&nbsp;AD.nl<\/li>\n<li><a href=\"https:\/\/news.google.com\/rss\/articles\/CBMi6gFBVV95cUxPUWhMSXpGYXYyVDFSVENFc2VITGdEX2lvSW1sWVpfUDJ3UW9kYnhucTFMRGZhYVdNU3F0NGQ5UjJjMzcxb2dyLXA3YVhwM0ZuMzc2Y3I3ZG05eUg0cWlSeF9UUlhpZTZiRDBWMzh6LVMwLWk2MzNhN2c5SmlfdjRDVTY1MENhYU9zWV83MmE5SW9zYndQMk9NOEJGTUJQS0dNdkpfLTNpQVBfUXctcjRNUE5iZFh1M2w5U1pzR0dKdk5wRm5jcmJoT3N3WGdnWEJ5NjRfLTBHRk1zSWtOdi1sUzNnNGtwUnlGbXc?oc=5\" target=\"_blank\" rel=\"nofollow noopener\">Co\u00ebffici\u00ebntenmalaise voor Nederland door nederlagen van Ajax, Feyenoord, Go Ahead Eagles en FC Utrecht<\/a>&nbsp;&nbsp;Voetbalzone<\/li>\n<li><a href=\"https:\/\/news.google.com\/rss\/articles\/CBMiogFBVV95cUxPMVcyVDV2MUY4QmlqbzRScE83ZndDLVROVXZ4blp2OXEwSUZHY2JzQ1J3R2ZFUF84aGZLMURrQTY3Ql9WUk41MklxeUFxbkxKVTlmOV9DWWNPMDktUG94TC11SzdaYm1LV3RjMzZ5SHlBVkxWVFBsd3pSNk83NDNGZ2Vtb2JTVU1qQkR6VDJaMFliX3c1cEhKZmlzcmJzbzF4Ync?oc=5\" target=\"_blank\" rel=\"nofollow noopener\">Nederland verliest opnieuw terrein aan Portugal op co\u00ebffici\u00ebntenlijst<\/a>&nbsp;&nbsp;NOS<\/li>\n<\/ol>\n","protected":false},"excerpt":{"rendered":"Co\u00ebffici\u00ebnten Nabeschouwing (28 NOV)&nbsp;&nbsp;Co\u00ebffici\u00ebnten Nederland voelt hete adem van Portugal op co\u00ebffici\u00ebntenranglijst na magere week&nbsp;&nbsp;NU Raakt Nederland tweede&hellip;\n","protected":false},"author":2,"featured_media":69497,"comment_status":"","ping_status":"","sticky":false,"template":"","format":"standard","meta":{"footnotes":""},"categories":[21],"tags":[48,46,47,49,45,50,92,91],"class_list":{"0":"post-69496","1":"post","2":"type-post","3":"status-publish","4":"format-standard","5":"has-post-thumbnail","7":"category-sport","8":"tag-dutch","9":"tag-nederland","10":"tag-nederlanden","11":"tag-nederlands","12":"tag-netherlands","13":"tag-nl","14":"tag-sport","15":"tag-sports"},"share_on_mastodon":{"url":"https:\/\/pubeurope.com\/@nl\/115631605898836198","error":""},"_links":{"self":[{"href":"https:\/\/www.europesays.com\/nl\/wp-json\/wp\/v2\/posts\/69496","targetHints":{"allow":["GET"]}}],"collection":[{"href":"https:\/\/www.europesays.com\/nl\/wp-json\/wp\/v2\/posts"}],"about":[{"href":"https:\/\/www.europesays.com\/nl\/wp-json\/wp\/v2\/types\/post"}],"author":[{"embeddable":true,"href":"https:\/\/www.europesays.com\/nl\/wp-json\/wp\/v2\/users\/2"}],"replies":[{"embeddable":true,"href":"https:\/\/www.europesays.com\/nl\/wp-json\/wp\/v2\/comments?post=69496"}],"version-history":[{"count":0,"href":"https:\/\/www.europesays.com\/nl\/wp-json\/wp\/v2\/posts\/69496\/revisions"}],"wp:featuredmedia":[{"embeddable":true,"href":"https:\/\/www.europesays.com\/nl\/wp-json\/wp\/v2\/media\/69497"}],"wp:attachment":[{"href":"https:\/\/www.europesays.com\/nl\/wp-json\/wp\/v2\/media?parent=69496"}],"wp:term":[{"taxonomy":"category","embeddable":true,"href":"https:\/\/www.europesays.com\/nl\/wp-json\/wp\/v2\/categories?post=69496"},{"taxonomy":"post_tag","embeddable":true,"href":"https:\/\/www.europesays.com\/nl\/wp-json\/wp\/v2\/tags?post=69496"}],"curies":[{"name":"wp","href":"https:\/\/api.w.org\/{rel}","templated":true}]}}