{"id":69542,"date":"2025-11-29T08:39:15","date_gmt":"2025-11-29T08:39:15","guid":{"rendered":"https:\/\/www.europesays.com\/nl\/69542\/"},"modified":"2025-11-29T08:39:15","modified_gmt":"2025-11-29T08:39:15","slug":"the-stringer-pijnlijke-poging-om-de-geschiedenis-te-herschrijven-varagids","status":"publish","type":"post","link":"https:\/\/www.europesays.com\/nl\/69542\/","title":{"rendered":"The Stringer: pijnlijke poging om de geschiedenis te herschrijven &#8211; VARAgids"},"content":{"rendered":"<p>\u00a0 \u2022 \u00a0<\/p>\n<p>Gisteren<\/p>\n<p>\u00a0 \u2022 \u00a0<\/p>\n<p>leestijd 2 minuten<\/p>\n<p>\u00a0 \u2022 \u00a0<\/p>\n<p>284 keer bekeken<\/p>\n<p>\u00a0 \u2022 \u00a0<\/p>\n<p>bewaren<\/p>\n<p><a role=\"link\" tabindex=\"0\" aria-label=\"Profiel van Omar Larabi\" class=\"\" href=\"https:\/\/www.bnnvara.nl\/varagids\/personen\/L\/omar-larabi\" rel=\"nofollow noopener\" target=\"_blank\"><img decoding=\"async\" src=\"https:\/\/www.europesays.com\/nl\/wp-content\/uploads\/2025\/09\/1758539110_86_0a4c0adc-bc00-4946-bc08-1249838e29e1.jpg\" alt=\"Logo VARAgids website dd010320\" title=\"Avatar van Omar Larabi\" aria-label=\"Avatar van Omar Larabi\" class=\"sc-79650bab-0 bXzzmG\"\/><\/a><img decoding=\"async\" src=\"https:\/\/www.europesays.com\/nl\/wp-content\/uploads\/2025\/11\/thestringer.jpg\" loading=\"lazy\" alt=\"The Stringer\"  class=\"sc-31a2e9c5-0 kiynKR\"\/><\/p>\n<p color=\"#666666\" class=\"sc-8bac6c2c-0 dXeIEf\">\u00a9 Netflix<\/p>\n<p>De beroemde foto van het napalmmeisje is door iemand anders gemaakt, betoogt documentairemaker Bao Nguyen in sterk staaltje onderzoeksjournalistiek.<\/p>\n<p>Voordat hij sterft wil fotobewerker Carl Robinson een belangrijke omissie uit de fotogeschiedenis opbiechten. De beroemde foto van Phan Th\u1ecb Kim Ph\u00fac, \u2018het napalmmeisje\u2019, werd niet geschoten door AP-medewerker Nick \u00d9t, maar door een zogeheten \u2018Stringer\u2019, een Vietnamese freelancer die van persbureau AP niet de credits kreeg. Terwijl \u00d9t een Pulitzerprijs won.<\/p>\n<p>Robinson was destijds, op 8 juni 1972 in Tr\u00e0ng B\u00e0ng, getuige van hoe zijn baas Horst Faas, een beroemde Duitse oorlogsfotograaf, nadat hij de foto had goedgekeurd sommeerde dat niet de naam van de freelancer, maar die van \u00d9t erbij geplaatst werd. Alsof Faas al voorspelde dat het beeld een grote impact zou hebben. Documentairemaker Bao Nguyen (The Greatest Night in Pop), die is gezegend met een groot rechtvaardigheidsgevoel, poogt in The Stringer deze farce recht te zetten. Dat begint met journalist Gary Knight, die op een gegeven moment het naargeestige bericht krijgt van Robinson.<\/p>\n<p><img decoding=\"async\" src=\"https:\/\/www.europesays.com\/nl\/wp-content\/uploads\/2025\/11\/the-stringer-the-man-who-took-the-photo-n-00-46-45-08.jpg\" loading=\"lazy\" alt=\"The_Stringer__The_Man_Who_Took_The_Photo_n_00_46_45_08\"  class=\"sc-31a2e9c5-0 kiynKR\"\/><\/p>\n<p color=\"#666666\" class=\"sc-8bac6c2c-0 dXeIEf\">\u00a9 Netflix<\/p>\n<p>Knight en Nguyen gaan op onderzoek uit en spreken vooral veel Vietnamese betrokkenen van toen, die goddank nog leven. Wat volgt is een ontluisterend verhaal over arme oorlogsfotografen die \u00fcberhaupt vaak niet kregen waar ze recht op hadden. Ze werden in feite ge\u00ebxploiteerd door buitenlandse persbureaus. En ondertussen koketteerde \u00d9t, die dus in dienst was bij AP, met een triomf die niet de zijne was.<\/p>\n<p><img decoding=\"async\" src=\"https:\/\/www.europesays.com\/nl\/wp-content\/uploads\/2025\/11\/the-stringer-the-man-who-took-the-photo-n-00-42-36-03.jpg\" loading=\"lazy\" alt=\"The_Stringer__The_Man_Who_Took_The_Photo_n_00_42_36_03\"  class=\"sc-31a2e9c5-0 kiynKR\"\/><\/p>\n<p color=\"#666666\" class=\"sc-8bac6c2c-0 dXeIEf\">\u00a9 Netflix<\/p>\n<p>In de derde akte trekt Nguyen alle registers open en doet hij een intrigerende poging om het harde bewijs te leveren dat Nguy\u1ec5n Th\u00e0nh Ngh\u1ec7 de werkelijke maker van de foto was, aan de hand van een Frans onderzoek. Maar het herschrijven van de geschiedenis blijkt een vrijwel onmogelijke taak. Het is een flinke beproeving om een \u2018winnaar\u2019 van zijn sokkel te trekken. En die winnaar maakt ook nog eens deel uit van de geschiedenis die persbureau AP maakt tot wat het is. Dat is een pijnlijke gewaarwording.<\/p>\n<p>The Stringer, vanaf vrijdag 28 november 2025 bij Netflix<\/p>\n","protected":false},"excerpt":{"rendered":"\u00a0 \u2022 \u00a0 Gisteren \u00a0 \u2022 \u00a0 leestijd 2 minuten \u00a0 \u2022 \u00a0 284 keer bekeken \u00a0 \u2022&hellip;\n","protected":false},"author":2,"featured_media":69543,"comment_status":"","ping_status":"","sticky":false,"template":"","format":"standard","meta":{"footnotes":""},"categories":[26],"tags":[99,48,98,102,103,101,46,47,49,45,50],"class_list":{"0":"post-69542","1":"post","2":"type-post","3":"status-publish","4":"format-standard","5":"has-post-thumbnail","7":"category-films","8":"tag-amusement","9":"tag-dutch","10":"tag-entertainment","11":"tag-film","12":"tag-films","13":"tag-movies","14":"tag-nederland","15":"tag-nederlanden","16":"tag-nederlands","17":"tag-netherlands","18":"tag-nl"},"share_on_mastodon":{"url":"https:\/\/pubeurope.com\/@nl\/115632089698504757","error":""},"_links":{"self":[{"href":"https:\/\/www.europesays.com\/nl\/wp-json\/wp\/v2\/posts\/69542","targetHints":{"allow":["GET"]}}],"collection":[{"href":"https:\/\/www.europesays.com\/nl\/wp-json\/wp\/v2\/posts"}],"about":[{"href":"https:\/\/www.europesays.com\/nl\/wp-json\/wp\/v2\/types\/post"}],"author":[{"embeddable":true,"href":"https:\/\/www.europesays.com\/nl\/wp-json\/wp\/v2\/users\/2"}],"replies":[{"embeddable":true,"href":"https:\/\/www.europesays.com\/nl\/wp-json\/wp\/v2\/comments?post=69542"}],"version-history":[{"count":0,"href":"https:\/\/www.europesays.com\/nl\/wp-json\/wp\/v2\/posts\/69542\/revisions"}],"wp:featuredmedia":[{"embeddable":true,"href":"https:\/\/www.europesays.com\/nl\/wp-json\/wp\/v2\/media\/69543"}],"wp:attachment":[{"href":"https:\/\/www.europesays.com\/nl\/wp-json\/wp\/v2\/media?parent=69542"}],"wp:term":[{"taxonomy":"category","embeddable":true,"href":"https:\/\/www.europesays.com\/nl\/wp-json\/wp\/v2\/categories?post=69542"},{"taxonomy":"post_tag","embeddable":true,"href":"https:\/\/www.europesays.com\/nl\/wp-json\/wp\/v2\/tags?post=69542"}],"curies":[{"name":"wp","href":"https:\/\/api.w.org\/{rel}","templated":true}]}}