{"id":70214,"date":"2025-11-29T22:28:29","date_gmt":"2025-11-29T22:28:29","guid":{"rendered":"https:\/\/www.europesays.com\/nl\/70214\/"},"modified":"2025-11-29T22:28:29","modified_gmt":"2025-11-29T22:28:29","slug":"de-herdragen-kleding-van-maxima-deel-113","status":"publish","type":"post","link":"https:\/\/www.europesays.com\/nl\/70214\/","title":{"rendered":"De herdragen kleding van M\u00e1xima &#8211; deel 113"},"content":{"rendered":"<p class=\"has-text-align-center\">Net als ieder ander ziet M\u00e1xima een outfit niet als een wegwerpartikel. In de serie De herdragen kleding van M\u00e1xima kijken we naar bijna vergeten outfits uit het verleden. Hoe vaak droeg M\u00e1xima ze en hoe? Met vandaag: een felrode top van Natan. <\/p>\n<p class=\"has-text-align-center\">In deze rubriek komen vaak kledingstukken aan bod waarvan we met z\u2019n allen zeggen: leuk voor toen, maar nu echt over de datum. Of dat ook opgaat voor de top die vandaag in het zonnetje staat, durf ik te betwijfelen. Het ontwerp van NATAN is effen van kleur en eindigt hoog in de taille. Net onder de borst zijn er twee zakjes aangebracht. De Jackie Kennedy-vibe spat er vanaf. M\u00e1xima combineert het jasje bij het debuut in 2011 met een zandkleurige broek. <\/p>\n<p><img loading=\"lazy\" decoding=\"async\" width=\"700\" height=\"502\" src=\"data:image\/svg+xml,%3Csvg%20xmlns=\" http:=\"\" alt=\"\" class=\"wp-image-102941\" data-lazy- data-lazy- data-lazy-src=\"https:\/\/www.europesays.com\/nl\/wp-content\/uploads\/2025\/11\/rode-top-Natan-700x502.png\"\/>PPE\/Nieboer<\/p>\n<p class=\"has-text-align-center\">Drie maanden later doet het jasje opnieuw dienst als M\u00e1xima het Xnoizz Flevo festival\u00a0bijwoont. Vanwege de modderige ondergrond draagt ze er ballerina\u2019s bij, en die krijgt dan weer gezelschap van een zandkleurige, rechte rok. <\/p>\n<p><img loading=\"lazy\" decoding=\"async\" width=\"509\" height=\"890\" src=\"data:image\/svg+xml,%3Csvg%20xmlns=\" http:=\"\" alt=\"\" class=\"wp-image-102945\" data-lazy- data-lazy- data-lazy-src=\"https:\/\/www.europesays.com\/nl\/wp-content\/uploads\/2025\/11\/Rode-top-Natan-Maxima.png\"\/>(c)PPE<\/p>\n<p class=\"has-text-align-center\">Als M\u00e1xima in januari 2012 naar de VAE vliegt, draagt ze de top met broek ook weer. <\/p>\n<p><img loading=\"lazy\" decoding=\"async\" width=\"389\" height=\"806\" src=\"data:image\/svg+xml,%3Csvg%20xmlns=\" http:=\"\" alt=\"\" class=\"wp-image-102946\" data-lazy- data-lazy- data-lazy-src=\"https:\/\/www.europesays.com\/nl\/wp-content\/uploads\/2025\/11\/Rode-top-Maxima-VAE.png\"\/><\/p>\n<p class=\"has-text-align-center\">Als koningin heeft ze de top ook een keer gedragen, tijdens een vergadering over leningen aan het midden- en kleinbedrijf in ontwikkelingslanden. <\/p>\n<p><img loading=\"lazy\" decoding=\"async\" width=\"362\" height=\"578\" src=\"data:image\/svg+xml,%3Csvg%20xmlns=\" http:=\"\" alt=\"\" class=\"wp-image-102949\" data-lazy- data-lazy- data-lazy-src=\"https:\/\/www.europesays.com\/nl\/wp-content\/uploads\/2025\/11\/SME-Finance-Maxima-2.png\"\/><\/p>\n<p>Nog meer voorbeelden van M\u00e1xima en haar herdragen kleding? <\/p>\n<p class=\"has-text-align-center\"><a href=\"https:\/\/www.modekoninginmaxima.nl\/de-herdragen-kleding-van-maxima-deel-112\/\" rel=\"nofollow noopener\" target=\"_blank\">In deel 112 <\/a>kwam haar bordeauxrode jurk van Oscar de la Renta aan bod. <\/p>\n<blockquote class=\"wp-embedded-content\" data-secret=\"GVYFo4XP66\"><p><a href=\"https:\/\/www.modekoninginmaxima.nl\/de-herdragen-kleding-van-maxima-deel-112\/\" rel=\"nofollow noopener\" target=\"_blank\">De herdragen kleding van M\u00e1xima \u2013 deel 112<\/a><\/p><\/blockquote>\n","protected":false},"excerpt":{"rendered":"Net als ieder ander ziet M\u00e1xima een outfit niet als een wegwerpartikel. In de serie De herdragen kleding&hellip;\n","protected":false},"author":2,"featured_media":70215,"comment_status":"","ping_status":"","sticky":false,"template":"","format":"standard","meta":{"footnotes":""},"categories":[25],"tags":[99,48,98,46,47,49,45,50],"class_list":{"0":"post-70214","1":"post","2":"type-post","3":"status-publish","4":"format-standard","5":"has-post-thumbnail","7":"category-amusement","8":"tag-amusement","9":"tag-dutch","10":"tag-entertainment","11":"tag-nederland","12":"tag-nederlanden","13":"tag-nederlands","14":"tag-netherlands","15":"tag-nl"},"share_on_mastodon":{"url":"https:\/\/pubeurope.com\/@nl\/115635349308912051","error":""},"_links":{"self":[{"href":"https:\/\/www.europesays.com\/nl\/wp-json\/wp\/v2\/posts\/70214","targetHints":{"allow":["GET"]}}],"collection":[{"href":"https:\/\/www.europesays.com\/nl\/wp-json\/wp\/v2\/posts"}],"about":[{"href":"https:\/\/www.europesays.com\/nl\/wp-json\/wp\/v2\/types\/post"}],"author":[{"embeddable":true,"href":"https:\/\/www.europesays.com\/nl\/wp-json\/wp\/v2\/users\/2"}],"replies":[{"embeddable":true,"href":"https:\/\/www.europesays.com\/nl\/wp-json\/wp\/v2\/comments?post=70214"}],"version-history":[{"count":0,"href":"https:\/\/www.europesays.com\/nl\/wp-json\/wp\/v2\/posts\/70214\/revisions"}],"wp:featuredmedia":[{"embeddable":true,"href":"https:\/\/www.europesays.com\/nl\/wp-json\/wp\/v2\/media\/70215"}],"wp:attachment":[{"href":"https:\/\/www.europesays.com\/nl\/wp-json\/wp\/v2\/media?parent=70214"}],"wp:term":[{"taxonomy":"category","embeddable":true,"href":"https:\/\/www.europesays.com\/nl\/wp-json\/wp\/v2\/categories?post=70214"},{"taxonomy":"post_tag","embeddable":true,"href":"https:\/\/www.europesays.com\/nl\/wp-json\/wp\/v2\/tags?post=70214"}],"curies":[{"name":"wp","href":"https:\/\/api.w.org\/{rel}","templated":true}]}}