{"id":70551,"date":"2025-11-30T10:52:14","date_gmt":"2025-11-30T10:52:14","guid":{"rendered":"https:\/\/www.europesays.com\/nl\/70551\/"},"modified":"2025-11-30T10:52:14","modified_gmt":"2025-11-30T10:52:14","slug":"video-russell-confronteert-norris-in-persruimte-totale-onzin","status":"publish","type":"post","link":"https:\/\/www.europesays.com\/nl\/70551\/","title":{"rendered":"VIDEO | Russell confronteert Norris in persruimte: &#8216;Totale onzin&#8217;"},"content":{"rendered":"<p>De gemoederen liepen hoog op na afloop van de kwalificatie in Qatar. In de persruimte van het Losail International Circuit zocht George Russell de confrontatie op met McLaren-collega Lando Norris. In een eerder interview zou Russell hebben gehoord dat Norris hem de schuld gaf van zijn teleurstellende kwalificatie; de WK-leider eindigde immers achter teamgenoot Oscar Piastri. Een ge\u00efrriteerde Norris haalde vervolgens fel uit naar de media.<\/p>\n<p>Lando Norris moest zaterdag genoegen nemen met de tweede startplek voor de GP van Qatar. Teamgenoot <a href=\"http:\/\/formule1.nl\/coureur\/oscar-piastri\/\" rel=\"nofollow noopener\" target=\"_blank\">Oscar Piastri<\/a>, die eerder de sprintrace op zijn naam had geschreven, zette opnieuw de snelste tijd neer. In de interviews na afloop van de sessie was de 26-jarige Brit zichtbaar aangeslagen. Hij kan dit weekend zijn eerste wereldtitel veroveren, maar met Piastri op poleposition heeft hij niet de beste uitgangspositie voor een nieuwe zege.<\/p>\n<p>\u2018Totale onzin\u2019<\/p>\n<p>George Russell \u2013 die zelf als vierde kwalificeerde \u2013 zorgde daarna voor nog meer irritaties bij <a href=\"http:\/\/formule1.nl\/coureur\/lando-norris\/\" rel=\"nofollow noopener\" target=\"_blank\">Norris<\/a>. In de persruimte kwam hij naast zijn landgenoot te staan, waar hij hem confronteerde met uitspraken die hij in een eerder interview had opgevangen. \u201cKlopt het dat jij hebt gezegd dat je door mij de eerste bocht hebt verprutst?\u201d, vroeg <a href=\"http:\/\/formule1.nl\/coureur\/george-russell\/\" rel=\"nofollow noopener\" target=\"_blank\">Russell<\/a> met een grijns. Norris was er duidelijk niet van gediend. \u201cHoe kom je daarbij?\u201d, reageerde hij ge\u00efrriteerd. Russell wees over zijn schouder: \u201cDat hoorde ik verderop\u201d, antwoordde hij onschuldig. \u201cMan, het is de media\u2026 dat is natuurlijk totale onzin\u201d, snauwde Norris. \u201cJammer dat je hen eerder gelooft dan mij.\u201d<\/p>\n<p>LEES OOK: <a href=\"https:\/\/www.formule1.nl\/nieuws\/norris-moest-toezien-hoe-piastri-er-met-pole-vandoor-ging\/\" rel=\"nofollow noopener\" target=\"_blank\">Norris moest toezien hoe Piastri er met pole vandoor ging: \u2018Het is wat het is\u2019<\/a><\/p>\n<p>\u201cHet klonk wel als iets dat jij zou zeggen\u201d, grapte Russell nog. \u201cIk weet niet eens wat er gebeurde\u201d, antwoordde Norris verbaasd. \u201cWaar was jij \u00fcberhaupt? Volgens mij liet je me gewoon passeren in bocht \u00e9\u00e9n.\u201d Langzaam verscheen er weer een lach op het gezicht van de <a href=\"http:\/\/formule1.nl\/team\/mclaren\/\" rel=\"nofollow noopener\" target=\"_blank\">McLaren<\/a>-coureur. \u201cIk heb het van haar gehoord\u201d, zei Russell, terwijl hij opnieuw naar een verslaggever wees. \u201cZij krijgt geen interviews vandaag\u201d, besloot Norris kortaf. Bekijk de hele interactie hieronder! <\/p>\n<p><a href=\"https:\/\/www.formule1.nl\/evenement\/qatar-grand-prix\/\" rel=\"nofollow noopener\" target=\"_blank\">Lees hier alles over de GP Qatar<\/a><\/p>\n<p>De nieuwste editie van\u00a0<a href=\"https:\/\/tijdschriftnu.nl\/products\/formule1-editie-17-2025\" rel=\"nofollow noopener\" target=\"_blank\">FORMULE 1 Magazin<\/a><a href=\"https:\/\/tijdschriftnu.nl\/products\/formule1-editie-15-16-2025?utm_source=website&amp;utm_medium=display&amp;utm_term=fom&amp;utm_campaign=fom_shop_FOM15\" rel=\"nofollow noopener\" target=\"_blank\">e<\/a> is uit! Haal \u2018m nu in de winkel of bestel \u2018m online, met gratis bezorging in heel Nederland.<\/p>\n","protected":false},"excerpt":{"rendered":"De gemoederen liepen hoog op na afloop van de kwalificatie in Qatar. In de persruimte van het Losail&hellip;\n","protected":false},"author":2,"featured_media":70552,"comment_status":"","ping_status":"","sticky":false,"template":"","format":"standard","meta":{"footnotes":""},"categories":[21],"tags":[48,3390,15625,213,214,2433,46,47,49,45,50,92,91],"class_list":{"0":"post-70551","1":"post","2":"type-post","3":"status-publish","4":"format-standard","5":"has-post-thumbnail","7":"category-sport","8":"tag-dutch","9":"tag-george-russell","10":"tag-gp-qatar","11":"tag-lando-norris","12":"tag-mclaren","13":"tag-mercedes","14":"tag-nederland","15":"tag-nederlanden","16":"tag-nederlands","17":"tag-netherlands","18":"tag-nl","19":"tag-sport","20":"tag-sports"},"share_on_mastodon":{"url":"https:\/\/pubeurope.com\/@nl\/115638274767873418","error":""},"_links":{"self":[{"href":"https:\/\/www.europesays.com\/nl\/wp-json\/wp\/v2\/posts\/70551","targetHints":{"allow":["GET"]}}],"collection":[{"href":"https:\/\/www.europesays.com\/nl\/wp-json\/wp\/v2\/posts"}],"about":[{"href":"https:\/\/www.europesays.com\/nl\/wp-json\/wp\/v2\/types\/post"}],"author":[{"embeddable":true,"href":"https:\/\/www.europesays.com\/nl\/wp-json\/wp\/v2\/users\/2"}],"replies":[{"embeddable":true,"href":"https:\/\/www.europesays.com\/nl\/wp-json\/wp\/v2\/comments?post=70551"}],"version-history":[{"count":0,"href":"https:\/\/www.europesays.com\/nl\/wp-json\/wp\/v2\/posts\/70551\/revisions"}],"wp:featuredmedia":[{"embeddable":true,"href":"https:\/\/www.europesays.com\/nl\/wp-json\/wp\/v2\/media\/70552"}],"wp:attachment":[{"href":"https:\/\/www.europesays.com\/nl\/wp-json\/wp\/v2\/media?parent=70551"}],"wp:term":[{"taxonomy":"category","embeddable":true,"href":"https:\/\/www.europesays.com\/nl\/wp-json\/wp\/v2\/categories?post=70551"},{"taxonomy":"post_tag","embeddable":true,"href":"https:\/\/www.europesays.com\/nl\/wp-json\/wp\/v2\/tags?post=70551"}],"curies":[{"name":"wp","href":"https:\/\/api.w.org\/{rel}","templated":true}]}}