{"id":71346,"date":"2025-12-01T09:16:08","date_gmt":"2025-12-01T09:16:08","guid":{"rendered":"https:\/\/www.europesays.com\/nl\/71346\/"},"modified":"2025-12-01T09:16:08","modified_gmt":"2025-12-01T09:16:08","slug":"deze-onverwachte-cameo-in-justice-league-is-je-waarschijnlijk-compleet-ontgaan","status":"publish","type":"post","link":"https:\/\/www.europesays.com\/nl\/71346\/","title":{"rendered":"Deze onverwachte cameo in &#8216;Justice League&#8217; is je waarschijnlijk compleet ontgaan"},"content":{"rendered":"<p>        <a href=\"https:\/\/www.filmtotaal.nl\/persoon\/61310\" rel=\"nofollow noopener\" target=\"_blank\">Zack Snyder<\/a> stopte zijn ziel en zaligheid in <a href=\"https:\/\/www.filmtotaal.nl\/film\/18082\" rel=\"nofollow noopener\" target=\"_blank\">Justice League<\/a>, een film die oorspronkelijk zijn grote droomproject moest worden. Door persoonlijke tragedie en creatieve conflicten met de studio moest hij echter vroegtijdig vertrekken. Pas jaren later kreeg hij de kans om zijn volledige visie te tonen in de vier uur durende <a href=\"https:\/\/www.filmtotaal.nl\/film\/34718\" rel=\"nofollow noopener\" target=\"_blank\">Snyder Cut<\/a>.<\/p>\n<p>In die versie verstopte de regisseur een subtiele knipoog naar zichzelf. Rond de zestiende minuut zie je hem namelijk zitten in een koffietentje terwijl Lois Lane naar buiten loopt, haar paraplu opent en de regen instapt. Het is een moment dat maar een paar seconden duurt, maar kenners herkennen hem meteen.<\/p>\n<p>Verstopte rol<br \/>De cameo speelt zich af in het Fred and Ginger Coffee-caf\u00e9, een echte koffiezaak die Snyder regelmatig bezocht tijdens de opnames in het Verenigd Koninkrijk in 2016. De locatie werd voor de Snyder Cut opnieuw betekenisvol omdat Lois&#8217; sc\u00e8nes hier centraal staan. Het is precies het soort plek waar de regisseur zijn persoonlijke stempel wilde zetten.<\/p>\n<p>De verschijning is extra bijzonder omdat Snyder zelf lange tijd twijfelde of zijn versie ooit het daglicht zou zien. Fans voerden wereldwijd actie om de film uit te brengen, en uiteindelijk gaf de studio toe. De regisseur zag dit als een kans om elk detail, inclusief zijn cameo, precies goed te krijgen.<\/p>\n<p>Hoge kosten<br \/>Zack Snyder&#8217;s Justice League werd gemaakt voor streaming, maar had alsnog een fors budget. Het oorspronkelijke project kostte rond de 300 miljoen dollar, terwijl de aanvullende reshoots en afwerking voor de Snyder Cut nog eens tientallen miljoenen opslokten. De cast bestaat uit sterren als Ben Affleck, Gal Gadot, Henry Cavill en Amy Adams.<br \/>De cameo past in de traditie van regisseurs die stiekem opdagen in hun eigen films, maar bij Snyder voelt het symbolischer. Het is een stille aanwezigheid in een sc\u00e8ne die draait om verlies, veerkracht en opnieuw beginnen, precies de thema&#8217;s die zijn versie van de film zo persoonlijk maken.<\/p>\n<p>Goed opletten<br \/>Wie de cameo zelf wil spotten, kan Zack Snyder&#8217;s Justice League streamen op HBO Max. Let goed op tijdens Lois&#8217; vroege sc\u00e8nes, want voor je het weet knipper je en mis je \u00e9\u00e9n van de meest betekenisvolle, maar subtielste regisseursverschijningen uit het superheldengenre.<\/p>\n","protected":false},"excerpt":{"rendered":"Zack Snyder stopte zijn ziel en zaligheid in Justice League, een film die oorspronkelijk zijn grote droomproject moest&hellip;\n","protected":false},"author":2,"featured_media":71347,"comment_status":"","ping_status":"","sticky":false,"template":"","format":"standard","meta":{"footnotes":""},"categories":[26],"tags":[99,48,98,102,103,101,46,47,49,45,50],"class_list":{"0":"post-71346","1":"post","2":"type-post","3":"status-publish","4":"format-standard","5":"has-post-thumbnail","7":"category-films","8":"tag-amusement","9":"tag-dutch","10":"tag-entertainment","11":"tag-film","12":"tag-films","13":"tag-movies","14":"tag-nederland","15":"tag-nederlanden","16":"tag-nederlands","17":"tag-netherlands","18":"tag-nl"},"share_on_mastodon":{"url":"https:\/\/pubeurope.com\/@nl\/115643559655947896","error":""},"_links":{"self":[{"href":"https:\/\/www.europesays.com\/nl\/wp-json\/wp\/v2\/posts\/71346","targetHints":{"allow":["GET"]}}],"collection":[{"href":"https:\/\/www.europesays.com\/nl\/wp-json\/wp\/v2\/posts"}],"about":[{"href":"https:\/\/www.europesays.com\/nl\/wp-json\/wp\/v2\/types\/post"}],"author":[{"embeddable":true,"href":"https:\/\/www.europesays.com\/nl\/wp-json\/wp\/v2\/users\/2"}],"replies":[{"embeddable":true,"href":"https:\/\/www.europesays.com\/nl\/wp-json\/wp\/v2\/comments?post=71346"}],"version-history":[{"count":0,"href":"https:\/\/www.europesays.com\/nl\/wp-json\/wp\/v2\/posts\/71346\/revisions"}],"wp:featuredmedia":[{"embeddable":true,"href":"https:\/\/www.europesays.com\/nl\/wp-json\/wp\/v2\/media\/71347"}],"wp:attachment":[{"href":"https:\/\/www.europesays.com\/nl\/wp-json\/wp\/v2\/media?parent=71346"}],"wp:term":[{"taxonomy":"category","embeddable":true,"href":"https:\/\/www.europesays.com\/nl\/wp-json\/wp\/v2\/categories?post=71346"},{"taxonomy":"post_tag","embeddable":true,"href":"https:\/\/www.europesays.com\/nl\/wp-json\/wp\/v2\/tags?post=71346"}],"curies":[{"name":"wp","href":"https:\/\/api.w.org\/{rel}","templated":true}]}}