{"id":71389,"date":"2025-12-01T10:11:11","date_gmt":"2025-12-01T10:11:11","guid":{"rendered":"https:\/\/www.europesays.com\/nl\/71389\/"},"modified":"2025-12-01T10:11:11","modified_gmt":"2025-12-01T10:11:11","slug":"de-mooiste-hoogste-en-meest-futuristische-lift-van-europa-staat-in-galicie","status":"publish","type":"post","link":"https:\/\/www.europesays.com\/nl\/71389\/","title":{"rendered":"De mooiste, hoogste en meest futuristische lift van Europa staat in Galici\u00eb"},"content":{"rendered":"<p>In het Galicische <a target=\"_blank\" href=\"https:\/\/spanjevandaag.com\/tag\/vigo\/\" rel=\"nofollow noopener\">Vigo<\/a> staat een bouwwerk dat in korte tijd is uitgegroeid tot een van de meest gefotografeerde plekken van de stad. De \u201cHalo\u201d, zoals het project heet, is niet zomaar een lift, maar een futuristische constructie die twee stadsdelen met elkaar verbindt die door een hoogteverschil van maar liefst 42 meter gescheiden zijn. Met zijn unieke vorm en opvallende verlichting is het bouwwerk inmiddels een herkenningspunt geworden voor bewoners en bezoekers van Vigo.<\/p>\n<p>De Halo bestaat uit twee grote glazen liften en een elegante loopbrug die in een ringvorm over de stad lijkt te zweven. Het ontwerp is het <a target=\"_blank\" href=\"https:\/\/spanjevandaag.com\/tag\/werk\/\" rel=\"nofollow noopener\">werk<\/a> van het <a rel=\"noopener nofollow\" target=\"_blank\" href=\"https:\/\/am2arquitectos.com\/proyectos\/halo\/\">architectenbureau Am2<\/a>, dat de opdracht kreeg om de lagere wijk Garc\u00eda Barb\u00f3n met de hoger gelegen V\u00eda Norte te verbinden. Waar inwoners vroeger steile trappen moesten beklimmen, kunnen ze nu comfortabel in slechts 28 seconden het hoogteverschil overbruggen. De liften zijn gratis toegankelijk en draaien vrijwel de hele dag, wat ze tot een essentieel onderdeel van het dagelijkse stadsleven maakt.<\/p>\n<p>De constructie is volledig opgebouwd uit beton, glas en staal, materialen die perfect passen bij het industri\u00eble verleden van Vigo. Toch oogt het ontwerp licht en modern, met vloeiende lijnen en een open structuur die veel daglicht doorlaat. \u2019s Nachts wordt de Halo subtiel verlicht, waardoor de ring als een zwevend licht boven de stad hangt. De combinatie van eenvoud, technologie en elegantie maakt dat veel inwoners spreken van \u201chet mooiste bouwwerk dat Vigo in jaren heeft gekregen\u201d.<\/p>\n<p>Volgens architect Alexandre Mouri\u00f1o was het doel niet alleen om een praktische verbinding te cre\u00ebren, maar om een nieuwe stedelijke ruimte te bouwen. \u201cWe wilden een straat in de lucht maken,\u201d legt hij uit. \u201cEen plek waar mensen niet alleen passeren, maar ook even stoppen om te genieten van het uitzicht.\u201d En dat uitzicht mag er zijn: vanaf het hoogste punt kijk je uit over de haven, de R\u00eda de Vigo en bij helder weer zelfs tot aan de C\u00edes-eilanden.<\/p>\n<p>De Halo heeft ook internationale erkenning gekregen. Het project werd finalist bij de IABSE Awards 2025 in de categorie \u201cSmall Projects\u201d, waar het werd geprezen om zijn innovatieve ontwerp en sociale waarde. De jury benadrukte hoe het bouwwerk niet alleen mobiliteit verbetert, maar ook bijdraagt aan de identiteit van de stad. Vigo laat hiermee zien dat moderne infrastructuur niet saai hoeft te zijn, maar juist schoonheid en functionaliteit kan combineren.<\/p>\n<p>Voor de inwoners is de Halo veel meer dan een lift: het is een <a rel=\"noopener nofollow\" target=\"_blank\" href=\"https:\/\/www.idealista.com\/news\/especiales\/reportajes\/2025\/09\/17\/859041-el-ascensor-brutalista-mas-alto-y-bello-de-europa-esta-en-espana\">nieuw ontmoetingspunt<\/a>, een plek om te <a target=\"_blank\" href=\"https:\/\/spanjevandaag.com\/tag\/wandelen\/\" rel=\"nofollow noopener\">wandelen<\/a>, foto\u2019s te maken en samen te komen. Vooral in de avonden, wanneer de verlichting aangaat, is het een romantische plek geworden voor koppels die over de stad willen uitkijken. De Halo symboliseert de vernieuwing van Vigo, een stad die <a target=\"_blank\" href=\"https:\/\/spanjevandaag.com\/tag\/traditie\/\" rel=\"nofollow noopener\">traditie<\/a> en <a target=\"_blank\" href=\"https:\/\/spanjevandaag.com\/tag\/toekomst\/\" rel=\"nofollow noopener\">toekomst<\/a> op een bijzondere manier weet te verbinden.<\/p>\n","protected":false},"excerpt":{"rendered":"In het Galicische Vigo staat een bouwwerk dat in korte tijd is uitgegroeid tot een van de meest&hellip;\n","protected":false},"author":2,"featured_media":71390,"comment_status":"","ping_status":"","sticky":false,"template":"","format":"standard","meta":{"footnotes":""},"categories":[30],"tags":[99,142,140,141,143,48,98,146,144,145,46,47,49,45,50],"class_list":{"0":"post-71389","1":"post","2":"type-post","3":"status-publish","4":"format-standard","5":"has-post-thumbnail","7":"category-kunst-en-design","8":"tag-amusement","9":"tag-arts","10":"tag-arts-and-design","11":"tag-artsdesign","12":"tag-design","13":"tag-dutch","14":"tag-entertainment","15":"tag-kunst","16":"tag-kunst-en-design","17":"tag-kunstdesign","18":"tag-nederland","19":"tag-nederlanden","20":"tag-nederlands","21":"tag-netherlands","22":"tag-nl"},"share_on_mastodon":{"url":"https:\/\/pubeurope.com\/@nl\/115643776027666099","error":""},"_links":{"self":[{"href":"https:\/\/www.europesays.com\/nl\/wp-json\/wp\/v2\/posts\/71389","targetHints":{"allow":["GET"]}}],"collection":[{"href":"https:\/\/www.europesays.com\/nl\/wp-json\/wp\/v2\/posts"}],"about":[{"href":"https:\/\/www.europesays.com\/nl\/wp-json\/wp\/v2\/types\/post"}],"author":[{"embeddable":true,"href":"https:\/\/www.europesays.com\/nl\/wp-json\/wp\/v2\/users\/2"}],"replies":[{"embeddable":true,"href":"https:\/\/www.europesays.com\/nl\/wp-json\/wp\/v2\/comments?post=71389"}],"version-history":[{"count":0,"href":"https:\/\/www.europesays.com\/nl\/wp-json\/wp\/v2\/posts\/71389\/revisions"}],"wp:featuredmedia":[{"embeddable":true,"href":"https:\/\/www.europesays.com\/nl\/wp-json\/wp\/v2\/media\/71390"}],"wp:attachment":[{"href":"https:\/\/www.europesays.com\/nl\/wp-json\/wp\/v2\/media?parent=71389"}],"wp:term":[{"taxonomy":"category","embeddable":true,"href":"https:\/\/www.europesays.com\/nl\/wp-json\/wp\/v2\/categories?post=71389"},{"taxonomy":"post_tag","embeddable":true,"href":"https:\/\/www.europesays.com\/nl\/wp-json\/wp\/v2\/tags?post=71389"}],"curies":[{"name":"wp","href":"https:\/\/api.w.org\/{rel}","templated":true}]}}