{"id":71515,"date":"2025-12-01T13:00:21","date_gmt":"2025-12-01T13:00:21","guid":{"rendered":"https:\/\/www.europesays.com\/nl\/71515\/"},"modified":"2025-12-01T13:00:21","modified_gmt":"2025-12-01T13:00:21","slug":"petitie-plaats-een-standbeeld-van-rene-karst-voor-de-tamboer-in-hoogeveen","status":"publish","type":"post","link":"https:\/\/www.europesays.com\/nl\/71515\/","title":{"rendered":"Petitie: Plaats een standbeeld van Ren\u00e9 Karst voor de Tamboer in Hoogeveen"},"content":{"rendered":"<p>De oprichters van de petitie verzoeken de gemeente Hoogeveen om een standbeeld van Ren\u00e9 Karst te plaatsen op de locatie v\u00f3\u00f3r De Tamboer, als erkenning voor zijn grote betekenis voor Hoogeveen, Drenthe en de Nederlandse muziek.<\/p>\n<p>De oprichters van de petitie vinden dat: Ren\u00e9 Karst met zijn muziek en optredens een grote bijdrage heeft geleverd aan de Nederlandse muziekcultuur. \u2013 hij als trotse Drent een belangrijke rol speelt binnen Hoogeveen en de regio, zowel zichtbaar als achter de schermen. \u2013 zijn bekendheid in Nederland, Duitsland en Belgi\u00eb laat zien dat hij een breed publiek bereikt en verbindt. \u2013 zijn inzet, populariteit en invloed een blijvend eerbetoon rechtvaardigen. \u2013 bijzonder en een belangrijk persoon was binnen de gemeente Hoogeveen. \u2013 hij werkte samen met de grootste artiesten van Nederland en had veel meer invloed achter de schermen dan de meeste mensen weten.<\/p>\n<p><a href=\"https:\/\/standbeeldrenekarst.petities.nl\" rel=\"nofollow noopener\" target=\"_blank\">https:\/\/standbeeldrenekarst.petities.nl<\/a><\/p>\n<p><img loading=\"lazy\" decoding=\"async\" width=\"400\" height=\"400\" src=\"https:\/\/www.europesays.com\/nl\/wp-content\/uploads\/2025\/12\/image-93.png\" alt=\"\" class=\"wp-image-114629\"  \/><\/p>\n","protected":false},"excerpt":{"rendered":"De oprichters van de petitie verzoeken de gemeente Hoogeveen om een standbeeld van Ren\u00e9 Karst te plaatsen op&hellip;\n","protected":false},"author":2,"featured_media":71516,"comment_status":"","ping_status":"","sticky":false,"template":"","format":"standard","meta":{"footnotes":""},"categories":[30],"tags":[99,142,140,141,143,48,98,146,144,145,46,47,49,45,50],"class_list":{"0":"post-71515","1":"post","2":"type-post","3":"status-publish","4":"format-standard","5":"has-post-thumbnail","7":"category-kunst-en-design","8":"tag-amusement","9":"tag-arts","10":"tag-arts-and-design","11":"tag-artsdesign","12":"tag-design","13":"tag-dutch","14":"tag-entertainment","15":"tag-kunst","16":"tag-kunst-en-design","17":"tag-kunstdesign","18":"tag-nederland","19":"tag-nederlanden","20":"tag-nederlands","21":"tag-netherlands","22":"tag-nl"},"share_on_mastodon":{"url":"https:\/\/pubeurope.com\/@nl\/115644440588966489","error":""},"_links":{"self":[{"href":"https:\/\/www.europesays.com\/nl\/wp-json\/wp\/v2\/posts\/71515","targetHints":{"allow":["GET"]}}],"collection":[{"href":"https:\/\/www.europesays.com\/nl\/wp-json\/wp\/v2\/posts"}],"about":[{"href":"https:\/\/www.europesays.com\/nl\/wp-json\/wp\/v2\/types\/post"}],"author":[{"embeddable":true,"href":"https:\/\/www.europesays.com\/nl\/wp-json\/wp\/v2\/users\/2"}],"replies":[{"embeddable":true,"href":"https:\/\/www.europesays.com\/nl\/wp-json\/wp\/v2\/comments?post=71515"}],"version-history":[{"count":0,"href":"https:\/\/www.europesays.com\/nl\/wp-json\/wp\/v2\/posts\/71515\/revisions"}],"wp:featuredmedia":[{"embeddable":true,"href":"https:\/\/www.europesays.com\/nl\/wp-json\/wp\/v2\/media\/71516"}],"wp:attachment":[{"href":"https:\/\/www.europesays.com\/nl\/wp-json\/wp\/v2\/media?parent=71515"}],"wp:term":[{"taxonomy":"category","embeddable":true,"href":"https:\/\/www.europesays.com\/nl\/wp-json\/wp\/v2\/categories?post=71515"},{"taxonomy":"post_tag","embeddable":true,"href":"https:\/\/www.europesays.com\/nl\/wp-json\/wp\/v2\/tags?post=71515"}],"curies":[{"name":"wp","href":"https:\/\/api.w.org\/{rel}","templated":true}]}}