{"id":71566,"date":"2025-12-01T14:30:17","date_gmt":"2025-12-01T14:30:17","guid":{"rendered":"https:\/\/www.europesays.com\/nl\/71566\/"},"modified":"2025-12-01T14:30:17","modified_gmt":"2025-12-01T14:30:17","slug":"het-is-een-schande-dat-israel-nog-steeds-aan-het-eurovisie-songfestival-mag-deelnemen-joop","status":"publish","type":"post","link":"https:\/\/www.europesays.com\/nl\/71566\/","title":{"rendered":"Het is een schande dat Isra\u00ebl nog steeds aan het Eurovisie Songfestival mag deelnemen &#8211; Joop"},"content":{"rendered":"<p>\u00a0 \u2022 \u00a0<\/p>\n<p>Vandaag<\/p>\n<p>\u00a0 \u2022 \u00a0<\/p>\n<p>leestijd 5 minuten<\/p>\n<p>\u00a0 \u2022 \u00a0<\/p>\n<p>3796 keer bekeken<\/p>\n<p>\u00a0 \u2022 \u00a0<\/p>\n<p>bewaren<\/p>\n<p><a role=\"link\" tabindex=\"0\" aria-label=\"Profiel van Ren\u00e9 Romer\" class=\"\" href=\"https:\/\/www.bnnvara.nl\/joop\/personen\/R\/reneromer\" rel=\"nofollow noopener\" target=\"_blank\"><img decoding=\"async\" src=\"https:\/\/www.europesays.com\/nl\/wp-content\/uploads\/2025\/09\/f5f0f9b2-e1a9-4d80-8a12-34591ce6864e.jpg\" alt=\"imageedit_2_4255114246\" title=\"Avatar van Ren\u00e9 Romer\" aria-label=\"Avatar van Ren\u00e9 Romer\" class=\"sc-79650bab-0 bXzzmG\"\/><\/a><a role=\"link\" tabindex=\"0\" data-testid=\"person-summary-link\" aria-label=\"Profiel van Ren\u00e9 Romer\" class=\"\" href=\"https:\/\/www.bnnvara.nl\/joop\/personen\/R\/reneromer\" rel=\"nofollow noopener\" target=\"_blank\">Ren\u00e9 Romer<\/a><\/p>\n<p itemprop=\"jobTitle\">Eigenaar van TransCity en Auteur<\/p>\n<p>Persoon volgen<img decoding=\"async\" src=\"https:\/\/www.europesays.com\/nl\/wp-content\/uploads\/2025\/12\/anp-527696731.jpg\" loading=\"lazy\" alt=\"ANP-527696731\"  class=\"sc-31a2e9c5-0 kiynKR\"\/><\/p>\n<p>Eind deze week vindt in Gen\u00e8ve de General Assembly van de European Broadcasting Union (EBU) plaats. Aanvankelijk zou er tijdens deze algemene vergadering ook worden gestemd over Isra\u00ebls deelname aan het komende Eurovisie Songfestival. Maar volgens <a class=\"\" href=\"https:\/\/www.ad.nl\/show\/nu-israel-lijkt-te-mogen-meedoen-aan-het-songfestival-dreigt-nederland-te-stikken-in-eigen-principes~a4c4cb6c\/\" rel=\"nofollow noopener\" target=\"_blank\">berichten in het AD<\/a> is deze stemming inmiddels van de baan. Isra\u00ebl blijkt sowieso aan het Eurovisie Songfestival te mogen deelnemen. De enige vraag die nog openstaat is of er landen zijn die hierdoor afhaken en zo ja w\u00e9lke.<\/p>\n<p>Europa\u2019s publieke omroepen dienen een publiek belang. Welk publiek belang de EBU &#8211; het samenwerkingsverband van publieke omroepen &#8211; dient met Isra\u00ebls deelname aan het songfestival is me een volstrekt raadsel. Want als je de doelbewuste en totale vernietiging van Palestina en het Palestijnse volk beloont met propaganda voor de daders, dan is daar uiteraard geen enkel publiek belang mee gediend.<\/p>\n<p>Het argument dat het een festival is van omroepen en niet van landen, is lachwekkend.\u00a0 De Isra\u00eblische publieke omroep steunt expliciet de genocide op het Palestijnse volk. En de tegemoetkoming aan de criticasters met het veranderen van de stemprocedures is al even lachwekkend. Zo mag Caroline van der Plas voortaan niet meer 20 keer op Isra\u00ebl stemmen, maar nog slechts 10 keer. In de wetenschap dat de BBB-leider en alle andere politiek gemotiveerden via meerdere sims en IP-adressen hun stemmen tientallen keren op de vertegenwoordiger van het genocidale Isra\u00ebl kunnen bl\u00edjven uitbrengen, verandert er dus weinig.<\/p>\n<p>Ook het terugkeren van de jury in de halve finale zal weinig invloed hebben. Vorig jaar kon Isra\u00ebl door politieke propaganda en de daaruit voortkomende publieksstemmen de finale van het festival bijna winnen, ondanks de jurystemmen. De EBU brengt daar tegenin dat omroepen en artiesten vanaf nu niet meer actief mogen bijdragen aan promotiecampagnes die \u2018buitenproportioneel\u2019 zijn. Daarmee worden vooral buitenproportionele inmengingen van overheden bedoeld. Gebeurt dat toch, dan kunnen sancties worden opgelegd. Maar wat die sancties zijn, wat precies als buitenproportioneel wordt beschouwd en hoe buitenproportionele inmengingen van overheden kunnen worden bewezen, daarover geen woord. Deze \u2018maatregel\u2019 is dus simpelweg een wassen neus.<\/p>\n<p>Maar het veranderen van de stemprocedures leidt inmiddels w\u00e9l af van de k\u00e9rn van de zaak; Isra\u00ebls barbaarse horrormisdaden tegen het Palestijnse volk.<\/p>\n<p>De wereld dreigt weer weg te kijken van Isra\u00ebls gruweldaden<br \/>Dat de stemming over Isra\u00ebls deelname aan het Eurovisie Songfestival waarschijnlijk van de baan is, is het directe gevolg van het 20-puntenplan van Donald Trump. Want nu alle nog levende Isra\u00eblische gijzelaars vrij zijn, worden talloze voorgenomen maatregelen tegen Isra\u00ebl on hold gezet. <a class=\"\" href=\"https:\/\/www.bnnvara.nl\/joop\/artikelen\/juist-nu-zijn-sancties-tegen-israel-meer-dan-ooit-nodig\" rel=\"nofollow noopener\" target=\"_blank\">Ik schreef daar eerder over<\/a>.<\/p>\n<p>De wereld dreigt dus weer grotendeels weg te kijken van Isra\u00ebls gruweldaden. Buiten het zicht van veel internationale media om, krijgt het fascistische Isra\u00eblische regime alle ruimte om de misdaden tegen het Palestijnse volk voort te zetten. Afgelopen donderdag werden twee ongewapende Palestijnse mannen in Jenin op de Westelijke Jordaanoever standrechtelijk ge\u00ebxecuteerd. Dat gebeurt weliswaar veel vaker, alleen was het nu toevallig op camera vastgelegd. En na het ingaan van het zogenaamde staakt-het-vuren in Gaza, vermoordt Isra\u00ebl nog dagelijks Palestijnen in het totaal vernietigde gebied; minstens 354 door Isra\u00ebl vermoorde Palestijnen sinds Sharm-el-Sheikh, waaronder naar schatting zo\u2019n 100 kinderen. Ook in buurlanden Libanon en Syri\u00eb blijft Isra\u00ebl dood en verderf zaaien. Vrijdag werden er in Syri\u00eb nog 14 burgers door Isra\u00ebl vermoord.<\/p>\n<p>In het deel van Gaza dat zich achter de door Isra\u00ebl ingestelde gele lijn bevindt, haalt het fascistische regime zoveel mogelijk nog overeind staande gebouwen neer. Deze hele regio wordt letterlijk <a class=\"\" href=\"https:\/\/www.rtl.nl\/nieuws\/buitenland\/artikel\/5538508\/graafmachines-verwoesten-gebouwen-gaza\" rel=\"nofollow noopener\" target=\"_blank\">schoongeveegd<\/a>. In dit gebied, dat volgens een gezamenlijk Amerikaans\/Isra\u00eblisch plan inmiddels tot groene zone is omgedoopt, moeten zogenaamde ASG\u2019s (Alternative Safe Communities) komen met nood-woonunits. Hierin zouden Palestijnen \u2018veilig\u2019 moeten kunnen leven. Maar iedereen die de geschiedenis een beetje kent, weet dat dit waarschijnlijk een leugen is, bedoeld om de internationale gemeenschap weer eventjes kalm te houden. Want volgens het plan bepaalt alleen Isra\u00ebl welke Palestijnen w\u00e9l en welke n\u00edet in aanmerking komen voor een nood-woonunit in zo\u2019n ASG. Het is dus niet heel moeilijk te voorspellen dat de meeste Palestijnen uit de (nog door Hamas bestuurde) zogenaamde rode zone n\u00edet door de Isra\u00eblische veiligheidscheck zullen komen.<\/p>\n<p>En dat terwijl volgens dit Amerikaans-Isra\u00eblische plan de wederopbouw van Gaza vooralsnog alleen in deze door Isra\u00ebl gecontroleerde groene zone zou moeten gebeuren. De meeste Palestijnen zullen dus waarschijnlijk in de rode zone blijven, zeg maar het door de internationale gemeenschap gecre\u00eberde concentratiekamp waar de overlevenden van Isra\u00ebls genocidale oorlog bivakkeren z\u00f3nder enig vooruitzicht op substanti\u00eble verbetering van hun levensomstandigheden. De rode zone is immers het gebied waar nog steeds maar een fractie van de zo noodzakelijke hulpgoederen en medicijnen binnenkomt. Ook de graafmachines en ander materieel dat nodig is om puin te ruimen waardoor de lichamen van naar schatting tienduizend door Isra\u00ebl vermoorde Palestijnen kunnen worden geborgen, zijn tot op heden niet binnengelaten. Wederopbouw wordt dus tot op de dag van vandaag onmogelijk gemaakt. Voorkomen moet blijkbaar worden dat Palestijnen in het concentratiekamp van de rode zone een nieuw leven kunnen opbouwen.<\/p>\n<p>Daar komt bij dat een deel van de doden onder het puin in de groene zone ligt; de kans dat Palestijnen de in deze zone gelegen lichamen van hun dierbaren ooit zullen terugkrijgen is daarmee uiterst klein.\u00a0\u00a0<\/p>\n<p>Voor vermogende Palestijnen heeft Isra\u00ebl wel <a class=\"\" href=\"https:\/\/www.bnnvara.nl\/joop\/artikelen\/hoe-israel-op-een-nieuwe-geniepige-wijze-palestina-etnisch-zuivert\" rel=\"nofollow noopener\" target=\"_blank\">een slimme oplossing<\/a> bedacht. Tegen betaling van duizenden dollars kunnen ze zonder papieren en offici\u00eble reisdocumenten de rode zone verlaten in de hoop om ergens in de wereld als vluchteling te worden opgevangen. Omdat ze bij het verlaten van Isra\u00ebl\/Palestina geen \u2018exit stamp\u2019 krijgen, kunnen ze waarschijnlijk nooit meer terugkeren.<\/p>\n<p>Ondertussen zitten er nog een kleine tienduizend Palestijnse gijzelaars in Isra\u00eblische gevangenkampen waar ze vaak gruwelijke martelingen ondergaan. En uiteraard gaat het onteigenen van Palestijns grondgebied en etnische zuivering op de Westelijke Jordaanoever in hoog tempo door. In de afgelopen twee jaar zijn er op deze Westelijke Jordaanoever zo\u2019n 1000 Palestijnen door Isra\u00eblische kolonisten of het Isra\u00eblische leger vermoord. Alleen al in de maand oktober van dit jaar waren er volgens de VN maar liefst 264 aanvallen op Palestijnen en Palestijnse bezittingen door kolonisten.<\/p>\n<p>Isra\u00ebls deelname aan het songfestival was \u00e1ltijd al politiek<br \/>De misdaden tegen het Palestijnse volk en etnische zuivering van Palestina begonnen al in de eerste helft van de vorige eeuw, zoals de recente <a class=\"\" href=\"https:\/\/www.youtube.com\/watch?v=wWtwnae_5UI\" rel=\"nofollow noopener\" target=\"_blank\">speelfilm \u2018Palestine 36\u2019<\/a> laat zien.<\/p>\n<p>Al <a class=\"\" href=\"https:\/\/www.bnnvara.nl\/joop\/artikelen\/het-songfestival-dat-genocide-en-etnische-zuivering-normaliseert\" rel=\"nofollow noopener\" target=\"_blank\">eerder<\/a> schreef ik dat sinds de eerste deelname van Isra\u00ebl aan het Eurovisie Songfestival in 1973 deze al impliciet werd gebruikt als propagandamiddel om de bezetting van Palestijnse gebieden en onderdrukking van het Palestijnse volk onder het tapijt te vegen. De deelname van Isra\u00ebl was niet opeens vorig jaar voor het eerst politiek, de deelname van Isra\u00ebl was \u00e1ltijd al politiek. Dat het pas recent voor het eerst tot een uitbarsting kwam, komt uiteraard door de via onze smartphones voor iedereen zichtbare genocide op het Palestijnse volk.<\/p>\n<p>Inmiddels doet de EBU verwoede pogingen om alle potenti\u00eble deelnemers aan het Eurovisie Songfestival weer aan de kant van het genocidale Isra\u00eblische regime te krijgen. Gelukkig heeft Spanje al laten weten definitief niet mee te doen als Isra\u00ebl dat wel doet. Het is te hopen dat AVROTROS al even standvastig is, maar \u00f3\u00f3k dat de omroep samen met het Spaanse RTVE de komende dagen gebruikt om publieke omroepen in andere landen ervan te overtuigen zich terug te trekken.\u00a0<\/p>\n<p>Want met Isra\u00ebls deelname aan het Eurovisie Songfestival wordt een van de meest weerzinwekkende misdaden tegen de menselijkheid van deze eeuw impliciet gelegitimeerd.<\/p>\n","protected":false},"excerpt":{"rendered":"\u00a0 \u2022 \u00a0 Vandaag \u00a0 \u2022 \u00a0 leestijd 5 minuten \u00a0 \u2022 \u00a0 3796 keer bekeken \u00a0 \u2022&hellip;\n","protected":false},"author":2,"featured_media":71567,"comment_status":"","ping_status":"","sticky":false,"template":"","format":"standard","meta":{"footnotes":""},"categories":[25],"tags":[99,48,98,46,47,49,45,50],"class_list":{"0":"post-71566","1":"post","2":"type-post","3":"status-publish","4":"format-standard","5":"has-post-thumbnail","7":"category-amusement","8":"tag-amusement","9":"tag-dutch","10":"tag-entertainment","11":"tag-nederland","12":"tag-nederlanden","13":"tag-nederlands","14":"tag-netherlands","15":"tag-nl"},"share_on_mastodon":{"url":"https:\/\/pubeurope.com\/@nl\/115644794427224101","error":""},"_links":{"self":[{"href":"https:\/\/www.europesays.com\/nl\/wp-json\/wp\/v2\/posts\/71566","targetHints":{"allow":["GET"]}}],"collection":[{"href":"https:\/\/www.europesays.com\/nl\/wp-json\/wp\/v2\/posts"}],"about":[{"href":"https:\/\/www.europesays.com\/nl\/wp-json\/wp\/v2\/types\/post"}],"author":[{"embeddable":true,"href":"https:\/\/www.europesays.com\/nl\/wp-json\/wp\/v2\/users\/2"}],"replies":[{"embeddable":true,"href":"https:\/\/www.europesays.com\/nl\/wp-json\/wp\/v2\/comments?post=71566"}],"version-history":[{"count":0,"href":"https:\/\/www.europesays.com\/nl\/wp-json\/wp\/v2\/posts\/71566\/revisions"}],"wp:featuredmedia":[{"embeddable":true,"href":"https:\/\/www.europesays.com\/nl\/wp-json\/wp\/v2\/media\/71567"}],"wp:attachment":[{"href":"https:\/\/www.europesays.com\/nl\/wp-json\/wp\/v2\/media?parent=71566"}],"wp:term":[{"taxonomy":"category","embeddable":true,"href":"https:\/\/www.europesays.com\/nl\/wp-json\/wp\/v2\/categories?post=71566"},{"taxonomy":"post_tag","embeddable":true,"href":"https:\/\/www.europesays.com\/nl\/wp-json\/wp\/v2\/tags?post=71566"}],"curies":[{"name":"wp","href":"https:\/\/api.w.org\/{rel}","templated":true}]}}