{"id":71681,"date":"2025-12-01T16:44:10","date_gmt":"2025-12-01T16:44:10","guid":{"rendered":"https:\/\/www.europesays.com\/nl\/71681\/"},"modified":"2025-12-01T16:44:10","modified_gmt":"2025-12-01T16:44:10","slug":"mylene-de-la-haye-is-maar-voor-een-ding-bang-alzheimer-wachten-op-de-man-met-de-zeis-is-niet-aan-mij-besteed","status":"publish","type":"post","link":"https:\/\/www.europesays.com\/nl\/71681\/","title":{"rendered":"Myl\u00e8ne de la Haye is maar voor \u00e9\u00e9n ding bang, Alzheimer: \u2018Wachten op de man met de zeis is niet aan mij besteed\u2019"},"content":{"rendered":"<p>Reuring na tv-uitzending Radar waarin te zien is hoe familie uit Sevenum al jaren tevergeefs probeert ouderlijke woning te splitsen: waarom lukt dat niet?<\/p>\n<p class=\"TeaserContent_teaser-content__introduction__aJrQA\">Het tv-programma Radar zorgde deze week voor reuring in Horst aan de Maas. Te zien was hoe de familie Wijnhoven uit Sevenum al vier jaar tevergeefs probeert de ouderlijke woning te splitsen. Waarom lukt dat niet? Zes vragen over het beleid ten aanzien van woningsplitsing in Horst aan de Maas. <\/p>\n","protected":false},"excerpt":{"rendered":"Reuring na tv-uitzending Radar waarin te zien is hoe familie uit Sevenum al jaren tevergeefs probeert ouderlijke woning&hellip;\n","protected":false},"author":2,"featured_media":71682,"comment_status":"","ping_status":"","sticky":false,"template":"","format":"standard","meta":{"footnotes":""},"categories":[31],"tags":[99,147,48,98,46,47,49,45,50],"class_list":{"0":"post-71681","1":"post","2":"type-post","3":"status-publish","4":"format-standard","5":"has-post-thumbnail","7":"category-celebrities","8":"tag-amusement","9":"tag-celebrities","10":"tag-dutch","11":"tag-entertainment","12":"tag-nederland","13":"tag-nederlanden","14":"tag-nederlands","15":"tag-netherlands","16":"tag-nl"},"share_on_mastodon":{"url":"https:\/\/pubeurope.com\/@nl\/115645321257819093","error":""},"_links":{"self":[{"href":"https:\/\/www.europesays.com\/nl\/wp-json\/wp\/v2\/posts\/71681","targetHints":{"allow":["GET"]}}],"collection":[{"href":"https:\/\/www.europesays.com\/nl\/wp-json\/wp\/v2\/posts"}],"about":[{"href":"https:\/\/www.europesays.com\/nl\/wp-json\/wp\/v2\/types\/post"}],"author":[{"embeddable":true,"href":"https:\/\/www.europesays.com\/nl\/wp-json\/wp\/v2\/users\/2"}],"replies":[{"embeddable":true,"href":"https:\/\/www.europesays.com\/nl\/wp-json\/wp\/v2\/comments?post=71681"}],"version-history":[{"count":0,"href":"https:\/\/www.europesays.com\/nl\/wp-json\/wp\/v2\/posts\/71681\/revisions"}],"wp:featuredmedia":[{"embeddable":true,"href":"https:\/\/www.europesays.com\/nl\/wp-json\/wp\/v2\/media\/71682"}],"wp:attachment":[{"href":"https:\/\/www.europesays.com\/nl\/wp-json\/wp\/v2\/media?parent=71681"}],"wp:term":[{"taxonomy":"category","embeddable":true,"href":"https:\/\/www.europesays.com\/nl\/wp-json\/wp\/v2\/categories?post=71681"},{"taxonomy":"post_tag","embeddable":true,"href":"https:\/\/www.europesays.com\/nl\/wp-json\/wp\/v2\/tags?post=71681"}],"curies":[{"name":"wp","href":"https:\/\/api.w.org\/{rel}","templated":true}]}}