{"id":71918,"date":"2025-12-01T20:53:19","date_gmt":"2025-12-01T20:53:19","guid":{"rendered":"https:\/\/www.europesays.com\/nl\/71918\/"},"modified":"2025-12-01T20:53:19","modified_gmt":"2025-12-01T20:53:19","slug":"cruciale-week-voor-oekraine-vs-gezant-witkoff-morgen-naar-moskou","status":"publish","type":"post","link":"https:\/\/www.europesays.com\/nl\/71918\/","title":{"rendered":"&#8216;Cruciale week voor Oekra\u00efne&#8217;, VS-gezant Witkoff morgen naar Moskou"},"content":{"rendered":"<p><img alt=\"\" decoding=\"async\" loading=\"eager\" src=\"https:\/\/www.europesays.com\/nl\/wp-content\/uploads\/2025\/12\/1764622399_742_1024x576a.jpg\" class=\"sc-bcb3b750-1 cULYcE\"\/>AFP<\/p>\n<p>NOS Nieuws\u2022vandaag, 17:19\u2022Aangepast vandaag, 17:47<\/p>\n<p class=\"sc-2ea02837-0 fedhGB\" id=\"369525942574853\">Na <a data-tracking=\"elementType=page|elementId=https:\/\/nos.nl\/collectie\/13965\/artikel\/2591721-europees-tegenvoorstel-voor-amerikaans-plan-voor-oekraine|eventType=navigation|eventName=open\" target=\"_self\" href=\"https:\/\/nos.nl\/collectie\/13965\/artikel\/2591721-europees-tegenvoorstel-voor-amerikaans-plan-voor-oekraine\" rel=\"nofollow noopener\">Gen\u00e8ve<\/a>, <a data-tracking=\"elementType=page|elementId=https:\/\/nos.nl\/artikel\/2591952-rusland-en-vs-spreken-in-abu-dhabi-over-plan-voor-oekraine|eventType=navigation|eventName=open\" target=\"_self\" href=\"https:\/\/nos.nl\/artikel\/2591952-rusland-en-vs-spreken-in-abu-dhabi-over-plan-voor-oekraine\" rel=\"nofollow noopener\">Abu Dhabi<\/a> en <a data-tracking=\"elementType=page|elementId=https:\/\/nos.nl\/artikel\/2592706-delegaties-vs-en-oekraine-spreken-in-florida-in-aanloop-naar-gesprek-met-moskou|eventType=navigation|eventName=open\" target=\"_self\" href=\"https:\/\/nos.nl\/artikel\/2592706-delegaties-vs-en-oekraine-spreken-in-florida-in-aanloop-naar-gesprek-met-moskou\" rel=\"nofollow noopener\">Miami<\/a> wordt morgen in Moskou onderhandeld over be\u00ebindiging van de oorlog in Oekra\u00efne. De Amerikaanse gezant Witkoff gaat rond de middag op bezoek bij president Poetin. Ook president Trumps schoonzoon Jared Kushner is mee. Zowel het Kremlin als het Witte Huis bevestigt de ontmoeting.<\/p>\n<p class=\"sc-2ea02837-0 fedhGB\" id=\"170785597123064\">Het is de zesde keer dit jaar dat Witkoff afreist naar Moskou. Of het een akkoord dichterbij brengt is niet duidelijk. Vorige week bracht persbureau Bloomberg een gelekt <a data-tracking=\"elementType=page|elementId=https:\/\/nos.nl\/artikel\/2592074-bloomberg-vs-gezant-witkoff-adviseerde-russen-over-het-benaderen-van-trump|eventType=navigation|eventName=open\" target=\"_self\" href=\"https:\/\/nos.nl\/artikel\/2592074-bloomberg-vs-gezant-witkoff-adviseerde-russen-over-het-benaderen-van-trump\" rel=\"nofollow noopener\">telefoongesprek<\/a> naar buiten waarin Witkoff zich deed kennen als een Russenvriend: hij gaf de Russen tips over hoe ze president Trump het beste konden vleien. Hij suggereerde daarbij het &#8220;succes van de Gazadeal&#8221; te gebruiken.<\/p>\n<p class=\"sc-2ea02837-0 fedhGB\" id=\"963032068525804\">Het bezoek van Witkoff aan Moskou komt vlak na &#8220;erg productieve&#8221; gesprekken met een Oekra\u00efense delegatie gisteren in <a data-tracking=\"elementType=page|elementId=https:\/\/nos.nl\/artikel\/2592706-delegaties-vs-en-oekraine-spreken-in-florida-in-aanloop-naar-gesprek-met-moskou|eventType=navigation|eventName=open\" target=\"_self\" href=\"https:\/\/nos.nl\/artikel\/2592706-delegaties-vs-en-oekraine-spreken-in-florida-in-aanloop-naar-gesprek-met-moskou\" rel=\"nofollow noopener\">Florida<\/a>, zoals de Amerikaanse minister van Buitenlandse Zaken Rubio ze noemde. President Zelensky zat niet aan tafel, maar is bijgepraat door zijn nationale veiligheidsadviseur Oemjerov. Die werd onlangs aangesteld als hoofdonderhandelaar, na het vertrek van stafchef en vertrouweling van Zelensky <a data-tracking=\"elementType=page|elementId=https:\/\/nos.nl\/artikel\/2592409-vertrokken-uit-de-schaduw-van-zelensky-dit-was-de-machtige-stafchef-andri-jermak|eventType=navigation|eventName=open\" target=\"_self\" href=\"https:\/\/nos.nl\/artikel\/2592409-vertrokken-uit-de-schaduw-van-zelensky-dit-was-de-machtige-stafchef-andri-jermak\" rel=\"nofollow noopener\">Andri Jermak<\/a>, die weg moest omdat hij in opspraak was geraakt vanwege een omkoopschandaal.<\/p>\n<p>28-puntenplan<\/p>\n<p class=\"sc-2ea02837-0 fedhGB\" id=\"527769229528849\">Vorige maand presenteerde Trump een <a data-tracking=\"elementType=page|elementId=https:\/\/nos.nl\/collectie\/13965\/artikel\/2591644-gesprekken-over-plan-trump-gaande-zelensky-hamert-op-oekraiense-belangen|eventType=navigation|eventName=open\" target=\"_self\" href=\"https:\/\/nos.nl\/collectie\/13965\/artikel\/2591644-gesprekken-over-plan-trump-gaande-zelensky-hamert-op-oekraiense-belangen\" rel=\"nofollow noopener\">28-puntenplan<\/a>, dat volgens critici neerkwam op een Oekra\u00efense capitulatie. In het plan zou Oekra\u00efne grondgebied in de Donbas dat het militair niet heeft verloren moeten opgeven en zouden zijn strijdkrachten vergaand worden beperkt.<\/p>\n<p class=\"sc-2ea02837-0 fedhGB\" id=\"948698659427885\">Europese leiders kwamen snel met een tegenvoorstel. Daarin <a data-tracking=\"elementType=page|elementId=https:\/\/nos.nl\/collectie\/13965\/artikel\/2591721-europees-tegenvoorstel-voor-amerikaans-plan-voor-oekraine|eventType=navigation|eventName=open\" target=\"_self\" href=\"https:\/\/nos.nl\/collectie\/13965\/artikel\/2591721-europees-tegenvoorstel-voor-amerikaans-plan-voor-oekraine\" rel=\"nofollow noopener\">stellen<\/a> de landen dat het Oekra\u00efense leger &#8220;in vredestijd&#8221; beperkt mag worden tot 800.000 militairen, in plaats van de 600.000 militairen die de VS voorstelde. Ook vinden ze dat Oekra\u00efne duidelijke Amerikaanse veiligheidsgaranties moet krijgen. Trump beloofde ook garanties, maar dat bleef erg vaag.<\/p>\n<p>&#8216;Mogelijk keerpunt&#8217;<\/p>\n<p class=\"sc-2ea02837-0 fedhGB\" id=\"812119327857469\">Zelensky bezoekt deze week verscheidene Europese leiders, naar verwachting om te praten over Europese veiligheidsgaranties. Zo was hij vandaag in Parijs bij president Macron, en bezoekt hij morgen de Ierse minister-president Martin in Dublin.<\/p>\n<p class=\"sc-2ea02837-0 fedhGB\" id=\"200670295072322\">Macron liet op de gezamenlijke afsluitende persconferentie weten dat Zelensky en hij vandaag hebben gesproken met Europese landen als het Verenigd Koninkrijk, Duitsland en Nederland, en met NAVO-chef Rutte en Europese Commissievoorzitter Von der Leyen. Ook is er telefonisch contact geweest met Witkoff. Macron noemde de gesprekken &#8220;een mogelijk keerpunt&#8221; voor een vreedzame toekomst van Oekra\u00efne en de veiligheid van Europa.<\/p>\n<p class=\"sc-2ea02837-0 fedhGB\" id=\"475335540758840\">&#8220;Oekra\u00efne is de enige die over zijn territorium kan beslissen&#8221;, herhaalde Macron nog eens. De bondgenoten van Oekra\u00efne moeten volgens hem aan de onderhandelingstafel zitten om veiligheidsgaranties voor het land af te dwingen. Daarover zal de komende dagen verder worden gesproken met de VS en de Europese bondgenoten. &#8220;Op dit moment dat we over vrede praten, blijft Rusland moorden en vernietigen&#8221;, zei Macron.<\/p>\n<p>&#8216;Cruciale week&#8217;<\/p>\n<p class=\"sc-2ea02837-0 fedhGB\" id=\"714327294674327\">In Brussel komen EU-ministers van Defensie morgen samen om te praten over verdere steun aan Oekra\u00efne. EU-buitenlandchef Kaja Kallas spreekt van een &#8220;cruciale week voor Oekra\u00efne&#8221;. &#8220;Het is duidelijk dat Rusland geen vrede wil, en daarom moeten we Oekra\u00efne zo sterk mogelijk maken&#8221;, herhaalt Kallas op <a href=\"https:\/\/x.com\/kajakallas\/status\/1995418582361280848?s=20\" data-tracking=\"elementType=external-link|elementId=https:\/\/x.com\/kajakallas\/status\/1995418582361280848?s20|eventType=navigation|eventName=open\" target=\"_blank\" rel=\"nofollow\">X<\/a>.<\/p>\n<p class=\"sc-2ea02837-0 fedhGB\" id=\"519796887464515\">Tijdens alle onderhandelingen gaan de Russische aanvallen dag en nacht door. Ook gisteren weer vielen er doden en gewonden, onder meer bij aanvallen op de Oekra\u00efense stad Dnipro. Met de toename in aanvallen op infrastructuur, zoals op energiecentrales, staat Oekra\u00efne een zware winter te wachten. Veel huishoudens in heel het land zitten zonder elektriciteit of stromend water.<\/p>\n","protected":false},"excerpt":{"rendered":"AFP NOS Nieuws\u2022vandaag, 17:19\u2022Aangepast vandaag, 17:47 Na Gen\u00e8ve, Abu Dhabi en Miami wordt morgen in Moskou onderhandeld over&hellip;\n","protected":false},"author":2,"featured_media":71919,"comment_status":"","ping_status":"","sticky":false,"template":"","format":"standard","meta":{"footnotes":""},"categories":[15],"tags":[5797,39,40,48,43,44,34,35,16794,41,42,2415,46,47,49,45,32,33,50,321,1501,155,36,37,194,38,16795,67,14667,64,65,66],"class_list":{"0":"post-71918","1":"post","2":"type-post","3":"status-publish","4":"format-standard","5":"has-post-thumbnail","7":"category-wereld","8":"tag-akkoord","9":"tag-breaking-news","10":"tag-breakingnews","11":"tag-dutch","12":"tag-featured-news","13":"tag-featurednews","14":"tag-headlines","15":"tag-hoofdpunten","16":"tag-kushner","17":"tag-latest-news","18":"tag-latestnews","19":"tag-moskou","20":"tag-nederland","21":"tag-nederlanden","22":"tag-nederlands","23":"tag-netherlands","24":"tag-news","25":"tag-nieuws","26":"tag-nl","27":"tag-oekraine","28":"tag-poetin","29":"tag-rusland","30":"tag-top-stories","31":"tag-topstories","32":"tag-trump","33":"tag-voorpaginanieuws","34":"tag-vredesonderhandelingen","35":"tag-wereld","36":"tag-witkoff","37":"tag-world","38":"tag-world-news","39":"tag-worldnews"},"share_on_mastodon":{"url":"https:\/\/pubeurope.com\/@nl\/115646300534492389","error":""},"_links":{"self":[{"href":"https:\/\/www.europesays.com\/nl\/wp-json\/wp\/v2\/posts\/71918","targetHints":{"allow":["GET"]}}],"collection":[{"href":"https:\/\/www.europesays.com\/nl\/wp-json\/wp\/v2\/posts"}],"about":[{"href":"https:\/\/www.europesays.com\/nl\/wp-json\/wp\/v2\/types\/post"}],"author":[{"embeddable":true,"href":"https:\/\/www.europesays.com\/nl\/wp-json\/wp\/v2\/users\/2"}],"replies":[{"embeddable":true,"href":"https:\/\/www.europesays.com\/nl\/wp-json\/wp\/v2\/comments?post=71918"}],"version-history":[{"count":0,"href":"https:\/\/www.europesays.com\/nl\/wp-json\/wp\/v2\/posts\/71918\/revisions"}],"wp:featuredmedia":[{"embeddable":true,"href":"https:\/\/www.europesays.com\/nl\/wp-json\/wp\/v2\/media\/71919"}],"wp:attachment":[{"href":"https:\/\/www.europesays.com\/nl\/wp-json\/wp\/v2\/media?parent=71918"}],"wp:term":[{"taxonomy":"category","embeddable":true,"href":"https:\/\/www.europesays.com\/nl\/wp-json\/wp\/v2\/categories?post=71918"},{"taxonomy":"post_tag","embeddable":true,"href":"https:\/\/www.europesays.com\/nl\/wp-json\/wp\/v2\/tags?post=71918"}],"curies":[{"name":"wp","href":"https:\/\/api.w.org\/{rel}","templated":true}]}}