{"id":72163,"date":"2025-12-02T03:41:12","date_gmt":"2025-12-02T03:41:12","guid":{"rendered":"https:\/\/www.europesays.com\/nl\/72163\/"},"modified":"2025-12-02T03:41:12","modified_gmt":"2025-12-02T03:41:12","slug":"nog-een-zoon-van-drugsbaas-el-chapo-bekent-schuld-in-vs","status":"publish","type":"post","link":"https:\/\/www.europesays.com\/nl\/72163\/","title":{"rendered":"Nog een zoon van drugsbaas El Chapo bekent schuld in VS"},"content":{"rendered":"<p><img alt=\"\" decoding=\"async\" loading=\"eager\" src=\"https:\/\/www.europesays.com\/nl\/wp-content\/uploads\/2025\/12\/1764646871_28_1024x576a.jpg\" class=\"sc-bcb3b750-1 cULYcE\"\/>AFPJoaquin Guzman Lopez&#8217; advocaat telefoneert in de rechtbank in Chicago<\/p>\n<p>NOS Nieuws\u2022vandaag, 02:09<\/p>\n<p class=\"sc-2ea02837-0 fedhGB\" id=\"117346483591318\">Een van de zonen van de Mexicaanse drugsbaas Joaqu\u00edn &#8216;El Chapo&#8217; Guzm\u00e1n heeft in de Verenigde Staten schuld bekend. Joaquin Guzm\u00e1n Lop\u00e9z staat daar terecht voor grootschalige drugssmokkel naar de VS.<\/p>\n<p class=\"sc-2ea02837-0 fedhGB\" id=\"650383367197783\">Hij heeft bekend dat hij de productie en smokkel overzag van grote hoeveelheden coca\u00efne, hero\u00efne, methamfetamine, wiet en fentanyl. Zijn advocaat verwacht dat hij dankzij zijn bekentenis een levenslange gevangenisstraf ontloopt.<\/p>\n<p class=\"sc-2ea02837-0 fedhGB\" id=\"633246553322829\">Guzm\u00e1n Lop\u00e9z (39) <a data-tracking=\"elementType=page|elementId=https:\/\/nos.nl\/artikel\/2530264-vs-pakt-leiders-drugskartel-sinaloa-op-onder-wie-lang-ongrijpbare-medeoprichter|eventType=navigation|eventName=open\" target=\"_self\" href=\"https:\/\/nos.nl\/artikel\/2530264-vs-pakt-leiders-drugskartel-sinaloa-op-onder-wie-lang-ongrijpbare-medeoprichter\" rel=\"nofollow noopener\">werd vorig jaar opgepakt<\/a> toen hij met een oprichter van het Sinaloa-kartel in een priv\u00e9vliegtuig was geland in El Paso, net over de grens in Texas. Deze Ismael &#8216;El Mayo&#8217; Zambada bekende eind augustus al schuld, waarmee hij de doodstraf <a data-tracking=\"elementType=page|elementId=https:\/\/nos.nl\/artikel\/2579919-een-van-de-grootste-mexicaanse-drugsbazen-bekent-schuld-geen-doodstraf-geeist|eventType=navigation|eventName=open\" target=\"_self\" href=\"https:\/\/nos.nl\/artikel\/2579919-een-van-de-grootste-mexicaanse-drugsbazen-bekent-schuld-geen-doodstraf-geeist\" rel=\"nofollow noopener\">ontliep<\/a>. Guzm\u00e1n Lop\u00e9z volgt ook het voorbeeld van zijn jongere broer Ovidio, die in juli een schuldbekentenis <a data-tracking=\"elementType=page|elementId=https:\/\/nos.nl\/artikel\/2574696-zoon-el-chapo-legt-schuldbekentenis-af-voor-amerikaanse-rechter|eventType=navigation|eventName=open\" target=\"_self\" href=\"https:\/\/nos.nl\/artikel\/2574696-zoon-el-chapo-legt-schuldbekentenis-af-voor-amerikaanse-rechter\" rel=\"nofollow noopener\">aflegde<\/a> voor de Amerikaanse rechter.<\/p>\n<p class=\"sc-2ea02837-0 fedhGB\" id=\"789710498548640\">Hun vader, El Chapo, zit <a data-tracking=\"elementType=page|elementId=https:\/\/nos.nl\/artikel\/2293890-levenslang-voor-mexicaanse-drugsbaas-el-chapo|eventType=navigation|eventName=open\" target=\"_self\" href=\"https:\/\/nos.nl\/artikel\/2293890-levenslang-voor-mexicaanse-drugsbaas-el-chapo\" rel=\"nofollow noopener\">sinds 2019<\/a> een levenslange gevangenisstraf uit in de VS voor het leidinggeven aan het Sinaloa-kartel. De broers zouden na diens arrestatie de leiding hebben overgenomen.<\/p>\n<p><img alt=\"\" decoding=\"async\" loading=\"lazy\" src=\"https:\/\/www.europesays.com\/nl\/wp-content\/uploads\/2025\/12\/1764646872_134_1024x576a.jpg\" class=\"sc-bcb3b750-1 cULYcE\"\/>ICE.govOpsporingsfoto van Joaqu\u00edn Guzm\u00e1n L\u00f3pez<\/p>\n","protected":false},"excerpt":{"rendered":"AFPJoaquin Guzman Lopez&#8217; advocaat telefoneert in de rechtbank in Chicago NOS Nieuws\u2022vandaag, 02:09 Een van de zonen van&hellip;\n","protected":false},"author":2,"featured_media":72164,"comment_status":"","ping_status":"","sticky":false,"template":"","format":"standard","meta":{"footnotes":""},"categories":[15],"tags":[39,40,764,48,16832,43,44,34,35,16833,41,42,46,47,49,45,32,33,50,36,37,38,67,64,65,66],"class_list":{"0":"post-72163","1":"post","2":"type-post","3":"status-publish","4":"format-standard","5":"has-post-thumbnail","7":"category-wereld","8":"tag-breaking-news","9":"tag-breakingnews","10":"tag-drugs","11":"tag-dutch","12":"tag-el-chapo","13":"tag-featured-news","14":"tag-featurednews","15":"tag-headlines","16":"tag-hoofdpunten","17":"tag-joaquin-guzman-lopez","18":"tag-latest-news","19":"tag-latestnews","20":"tag-nederland","21":"tag-nederlanden","22":"tag-nederlands","23":"tag-netherlands","24":"tag-news","25":"tag-nieuws","26":"tag-nl","27":"tag-top-stories","28":"tag-topstories","29":"tag-voorpaginanieuws","30":"tag-wereld","31":"tag-world","32":"tag-world-news","33":"tag-worldnews"},"share_on_mastodon":{"url":"https:\/\/pubeurope.com\/@nl\/115647904838641425","error":""},"_links":{"self":[{"href":"https:\/\/www.europesays.com\/nl\/wp-json\/wp\/v2\/posts\/72163","targetHints":{"allow":["GET"]}}],"collection":[{"href":"https:\/\/www.europesays.com\/nl\/wp-json\/wp\/v2\/posts"}],"about":[{"href":"https:\/\/www.europesays.com\/nl\/wp-json\/wp\/v2\/types\/post"}],"author":[{"embeddable":true,"href":"https:\/\/www.europesays.com\/nl\/wp-json\/wp\/v2\/users\/2"}],"replies":[{"embeddable":true,"href":"https:\/\/www.europesays.com\/nl\/wp-json\/wp\/v2\/comments?post=72163"}],"version-history":[{"count":0,"href":"https:\/\/www.europesays.com\/nl\/wp-json\/wp\/v2\/posts\/72163\/revisions"}],"wp:featuredmedia":[{"embeddable":true,"href":"https:\/\/www.europesays.com\/nl\/wp-json\/wp\/v2\/media\/72164"}],"wp:attachment":[{"href":"https:\/\/www.europesays.com\/nl\/wp-json\/wp\/v2\/media?parent=72163"}],"wp:term":[{"taxonomy":"category","embeddable":true,"href":"https:\/\/www.europesays.com\/nl\/wp-json\/wp\/v2\/categories?post=72163"},{"taxonomy":"post_tag","embeddable":true,"href":"https:\/\/www.europesays.com\/nl\/wp-json\/wp\/v2\/tags?post=72163"}],"curies":[{"name":"wp","href":"https:\/\/api.w.org\/{rel}","templated":true}]}}