{"id":72654,"date":"2025-12-02T16:43:10","date_gmt":"2025-12-02T16:43:10","guid":{"rendered":"https:\/\/www.europesays.com\/nl\/72654\/"},"modified":"2025-12-02T16:43:10","modified_gmt":"2025-12-02T16:43:10","slug":"frenkie-de-jong-mist-spaanse-topper-tegen-atletico-madrid","status":"publish","type":"post","link":"https:\/\/www.europesays.com\/nl\/72654\/","title":{"rendered":"Frenkie de Jong mist Spaanse topper tegen Atl\u00e9tico Madrid"},"content":{"rendered":"<p>Frenkie de Jong ontbreekt dinsdagavond bij FC Barcelona tegen Atl\u00e9tico Madrid. De middenvelder is buiten de wedstrijdselectie gelaten vanwege koorts.<\/p>\n<p>Afgelopen zaterdag ontbrak De Jong al tegen Deportivo Alav\u00e9s vanwege familieomstandigheden. Zonder de Nederlandse spelmaker won Bar\u00e7a met 3-1. Doordat Real Madrid met 1-1 gelijkspeelde tegen Girona, nam Barcelona de koppositie over.\n<\/p>\n<p>Nu brengen de Catalanen naar buiten dat De Jong ook tegen Atl\u00e9tico Madrid afwezig is. De middenvelder heeft een koortsaanval gehad en is daardoor door trainer Hansi Flick buiten de wedstrijdselectie gelaten.\n<\/p>\n<p>Naast De Jong kan Flick ook geen beroep doen op Ronald Ara\u00fajo. De verdediger kampt met mentale vermoeidheid na zijn rode kaart tegen Chelsea, terwijl de club eerder nog communiceerde dat de Uruguayaan met een \u2018virus\u2019 uit de roulatie was.\n<\/p>\n<p>Ook Ferm\u00edn L\u00f3pez, Marc-Andr\u00e9 ter Stegen en Gavi zijn niet beschikbaar voor de beladen wedstrijd. Daarnaast voegt de Duitse oefenmeester opnieuw meerdere jeugdspelers toe aan zijn selectie: Jofre Torrents, Dro Fern\u00e1ndez en Tommy Marqu\u00e9s zijn wederom van de partij. De aftrap is dinsdagavond om 21.00 uur.\n<\/p>\n<p>Bar\u00e7a kan bij een overwinning het gat met Atl\u00e9tico Madrid op zes punten brengen en tijdelijk vier punten afstand nemen van Real Madrid.<\/p>\n","protected":false},"excerpt":{"rendered":"Frenkie de Jong ontbreekt dinsdagavond bij FC Barcelona tegen Atl\u00e9tico Madrid. De middenvelder is buiten de wedstrijdselectie gelaten&hellip;\n","protected":false},"author":2,"featured_media":72655,"comment_status":"","ping_status":"","sticky":false,"template":"","format":"standard","meta":{"footnotes":""},"categories":[21],"tags":[2289,48,5685,46,47,49,45,50,92,91],"class_list":{"0":"post-72654","1":"post","2":"type-post","3":"status-publish","4":"format-standard","5":"has-post-thumbnail","7":"category-sport","8":"tag-barcelona","9":"tag-dutch","10":"tag-f-de-jong","11":"tag-nederland","12":"tag-nederlanden","13":"tag-nederlands","14":"tag-netherlands","15":"tag-nl","16":"tag-sport","17":"tag-sports"},"share_on_mastodon":{"url":"https:\/\/pubeurope.com\/@nl\/115650979710966657","error":""},"_links":{"self":[{"href":"https:\/\/www.europesays.com\/nl\/wp-json\/wp\/v2\/posts\/72654","targetHints":{"allow":["GET"]}}],"collection":[{"href":"https:\/\/www.europesays.com\/nl\/wp-json\/wp\/v2\/posts"}],"about":[{"href":"https:\/\/www.europesays.com\/nl\/wp-json\/wp\/v2\/types\/post"}],"author":[{"embeddable":true,"href":"https:\/\/www.europesays.com\/nl\/wp-json\/wp\/v2\/users\/2"}],"replies":[{"embeddable":true,"href":"https:\/\/www.europesays.com\/nl\/wp-json\/wp\/v2\/comments?post=72654"}],"version-history":[{"count":0,"href":"https:\/\/www.europesays.com\/nl\/wp-json\/wp\/v2\/posts\/72654\/revisions"}],"wp:featuredmedia":[{"embeddable":true,"href":"https:\/\/www.europesays.com\/nl\/wp-json\/wp\/v2\/media\/72655"}],"wp:attachment":[{"href":"https:\/\/www.europesays.com\/nl\/wp-json\/wp\/v2\/media?parent=72654"}],"wp:term":[{"taxonomy":"category","embeddable":true,"href":"https:\/\/www.europesays.com\/nl\/wp-json\/wp\/v2\/categories?post=72654"},{"taxonomy":"post_tag","embeddable":true,"href":"https:\/\/www.europesays.com\/nl\/wp-json\/wp\/v2\/tags?post=72654"}],"curies":[{"name":"wp","href":"https:\/\/api.w.org\/{rel}","templated":true}]}}