{"id":73935,"date":"2025-12-03T18:20:11","date_gmt":"2025-12-03T18:20:11","guid":{"rendered":"https:\/\/www.europesays.com\/nl\/73935\/"},"modified":"2025-12-03T18:20:11","modified_gmt":"2025-12-03T18:20:11","slug":"ajax-ziet-in-zweedse-toptrainer-heitinga-opvolger","status":"publish","type":"post","link":"https:\/\/www.europesays.com\/nl\/73935\/","title":{"rendered":"Ajax ziet in Zweedse toptrainer Heitinga-opvolger&#8217;"},"content":{"rendered":"<p class=\"intro\">Henrik Rydstr\u00f6m staat op de lijst van kandidaten om John Heitinga als trainer op te volgen bij Ajax, zo meldt het doorgaans goed ge\u00efnformeerde <a target=\"_blank\" href=\"https:\/\/www.expressen.se\/sport\/fotboll\/allsvenskan\/ajax-intresserade-av-henrik-rydstrom-\/\" rel=\"nofollow noopener\">Expressen<\/a>. De 49-jarige Zweedse trainer vertrok eind september bij Malm\u00f6 FF, nadat hij in korte tijd twee keer de Zweedse landstitel en \u00e9\u00e9n keer de beker wist te winnen.<\/p>\n<p>Het is al enige tijd stil rondom de zoektocht van Ajax naar een nieuwe trainer. Heitinga werd enkele weken geleden ontslagen en sindsdien staat Fred Grim als interim-trainer voor de groep. Volgens bronnen van het Zweedse medium tonen de Amsterdammers interesse in &#8216;kampioenscoach&#8217; Rydstr\u00f6m en zou hij hoog op de kandidatenlijst staan om Heitinga op te volgen.<\/p>\n<ul class=\"BettingMatch_team-elements__ZArEL\">\n<li class=\"TeamElement_TeamElement__j6nbC team-element TeamElement_is-right__beid4\"><a class=\"team-link undefined\" href=\"https:\/\/www.voetbalprimeur.nl\/clubs\/fortuna-sittard\" rel=\"nofollow noopener\" target=\"_blank\"><img alt=\"Fortuna Sittard\" loading=\"lazy\" width=\"110\" height=\"110\" decoding=\"async\" data-nimg=\"1\" class=\"TeamElement_logo__vnPRl\" style=\"color:transparent;aspect-ratio:1;object-fit:cover;object-position:top center\"  src=\"https:\/\/www.europesays.com\/nl\/wp-content\/uploads\/2025\/12\/3ebril33e08ddzob4bhq8awsr.png\"\/><\/a><\/li>\n<li class=\"TeamElement_TeamElement__j6nbC team-element TeamElement_is-right__beid4\"><a class=\"team-link undefined\" href=\"https:\/\/www.voetbalprimeur.nl\/clubs\/ajax\" rel=\"nofollow noopener\" target=\"_blank\"><img alt=\"Ajax\" loading=\"lazy\" width=\"110\" height=\"110\" decoding=\"async\" data-nimg=\"1\" class=\"TeamElement_logo__vnPRl\" style=\"color:transparent;aspect-ratio:1;object-fit:cover;object-position:top center\"  src=\"https:\/\/www.europesays.com\/nl\/wp-content\/uploads\/2025\/11\/72bc0b590a3b179d0633e4b0c7973e4b07308cf9.png\"\/><\/a><\/li>\n<\/ul>\n<p>Half november, een paar weken na zijn ontslag bij Malm\u00f6, vertelde de Zweedse trainer al dat meerdere clubs uit het buitenland interesse hadden, zo meldt de Zweedse krant. &#8220;Je zou kunnen zeggen dat er veel gebeurt. Misschien ben ik daarom kalm. Er zijn veel opties. Nu gaat het er meer om de juiste te kiezen. Natuurlijk hoort daar ook bij dat het werkt voor het gezin.&#8221;<\/p>\n<p>Expressen noemt Rydstr\u00f6m, die sinds 2023 actief was bij Malm\u00f6 FF, een &#8216;kampioenscoach&#8217;, omdat hij met Malm\u00f6 in korte tijd twee keer de Zweedse landstitel en \u00e9\u00e9n keer de Zweedse beker wist te winnen. Ook kwalificeerde hij zich twee keer voor de Europa League. Het Zweedse medium verwacht echter wel dat Rydstr\u00f6m het opneemt tegen andere buitenlandse trainers bij Ajax.<\/p>\n<p>Bekijk Meer<\/p>\n","protected":false},"excerpt":{"rendered":"Henrik Rydstr\u00f6m staat op de lijst van kandidaten om John Heitinga als trainer op te volgen bij Ajax,&hellip;\n","protected":false},"author":2,"featured_media":73936,"comment_status":"","ping_status":"","sticky":false,"template":"","format":"standard","meta":{"footnotes":""},"categories":[21],"tags":[48,46,47,49,45,50,92,91],"class_list":{"0":"post-73935","1":"post","2":"type-post","3":"status-publish","4":"format-standard","5":"has-post-thumbnail","7":"category-sport","8":"tag-dutch","9":"tag-nederland","10":"tag-nederlanden","11":"tag-nederlands","12":"tag-netherlands","13":"tag-nl","14":"tag-sport","15":"tag-sports"},"share_on_mastodon":{"url":"https:\/\/pubeurope.com\/@nl\/115657023455200869","error":""},"_links":{"self":[{"href":"https:\/\/www.europesays.com\/nl\/wp-json\/wp\/v2\/posts\/73935","targetHints":{"allow":["GET"]}}],"collection":[{"href":"https:\/\/www.europesays.com\/nl\/wp-json\/wp\/v2\/posts"}],"about":[{"href":"https:\/\/www.europesays.com\/nl\/wp-json\/wp\/v2\/types\/post"}],"author":[{"embeddable":true,"href":"https:\/\/www.europesays.com\/nl\/wp-json\/wp\/v2\/users\/2"}],"replies":[{"embeddable":true,"href":"https:\/\/www.europesays.com\/nl\/wp-json\/wp\/v2\/comments?post=73935"}],"version-history":[{"count":0,"href":"https:\/\/www.europesays.com\/nl\/wp-json\/wp\/v2\/posts\/73935\/revisions"}],"wp:featuredmedia":[{"embeddable":true,"href":"https:\/\/www.europesays.com\/nl\/wp-json\/wp\/v2\/media\/73936"}],"wp:attachment":[{"href":"https:\/\/www.europesays.com\/nl\/wp-json\/wp\/v2\/media?parent=73935"}],"wp:term":[{"taxonomy":"category","embeddable":true,"href":"https:\/\/www.europesays.com\/nl\/wp-json\/wp\/v2\/categories?post=73935"},{"taxonomy":"post_tag","embeddable":true,"href":"https:\/\/www.europesays.com\/nl\/wp-json\/wp\/v2\/tags?post=73935"}],"curies":[{"name":"wp","href":"https:\/\/api.w.org\/{rel}","templated":true}]}}