{"id":74023,"date":"2025-12-03T20:01:17","date_gmt":"2025-12-03T20:01:17","guid":{"rendered":"https:\/\/www.europesays.com\/nl\/74023\/"},"modified":"2025-12-03T20:01:17","modified_gmt":"2025-12-03T20:01:17","slug":"deze-skigebieden-stellen-opening-plotseling-uit-en-doen-daar-geheimzinnig-over","status":"publish","type":"post","link":"https:\/\/www.europesays.com\/nl\/74023\/","title":{"rendered":"Deze skigebieden stellen opening plotseling uit en doen daar geheimzinnig over"},"content":{"rendered":"<p>Het moest de start van een prachtig seizoen worden. De sneeuwkanonnen draaiden al weken en er was verse sneeuw gevallen. Toch kregen wintersporters die zich verheugden op de opening van 5 december slecht nieuws deze week: de Franse skigebieden Luchon-Superbagn\u00e8res en Le Mourtis blijven voorlopig dicht. En daar zijn de wintersporters niet zo blij mee, laten ze op social media weten.<\/p>\n<p>Voor onbepaalde tijd uitgesteld<\/p>\n<p>De twee skigebieden in de Haute-Garonne (in de Pyrenee\u00ebn) zouden aanstaande vrijdag hun liften openen voor het publiek. Maandag 1 december kwam echter de verrassende mededeling via sociale media: de opening is voor onbepaalde tijd uitgesteld.<\/p>\n<p>\u201cVeiligheid niet gegarandeerd\u201d<\/p>\n<p>De reden voor het uitstel roept vooral vragen op. In een gezamenlijk statement geven de skigebieden aan dat de omstandigheden nog niet goed genoeg zijn, zonder in detail te treden over wat er precies mis is.\u201dOnze prioriteit is u te verwelkomen in de beste veiligheidsomstandigheden. Op dit moment zijn deze niet verenigd om een optimale opening van het skigebied te garanderen.\u201d Hoewel de teams \u201chard aan het werk zijn\u201d om de voorbereidingen te treffen, is er geen nieuwe openingsdatum gecommuniceerd.<\/p>\n<p>Onbegrip bij ski\u00ebrs: \u201csneeuw ligt er toch?\u201d<\/p>\n<p>De aankondiging zorgt voor frustratie en onbegrip bij vaste bezoekers. Op Facebook regende het reacties van teleurgestelde wintersporters. Velen wijzen erop dat de condities op het oog juist prima lijken. De kritiek richt zich vooral op het gebrek aan transparantie.<\/p>\n<p>Het feit dat er in de Pyrenee\u00ebn recente sneeuwval is geweest en de temperaturen gunstig leken, voedt de geruchtenmolen. Vorige maand werden regelmatig beelden van verse sneeuw gedeeld door de skigebieden. Is het een technisch probleem? Een personeelstekort? Of toch de sneeuwkwaliteit? De directie houdt de kaken voorlopig grotendeels op elkaar. In een reactie van Luchon-Superbagn\u00e8res laten ze weten dat \u00e9\u00e9n van de redenen te maken heeft met een storm eind november, maar daar blijft het voor nu bij.<\/p>\n<p>De offici\u00eble aankondiging<\/p>\n<p>Op de Facebook- en Instagrampagina van Luchon-Superbagn\u00e8res werd het nieuws als volgt gebracht:<\/p>\n<blockquote class=\"instagram-media\" data-instgrm-captioned=\"\" data-instgrm-permalink=\"https:\/\/www.instagram.com\/p\/DRuE42tCIPF\/?utm_source=ig_embed&amp;utm_campaign=loading\" data-instgrm-version=\"14\" style=\" background:#FFF; border:0; border-radius:3px; box-shadow:0 0 1px 0 rgba(0,0,0,0.5),0 1px 10px 0 rgba(0,0,0,0.15); margin: 1px; max-width:540px; min-width:326px; padding:0; width:99.375%; width:-webkit-calc(100% - 2px); width:calc(100% - 2px);\"\/><p>Afwachten<\/p>\n<p>Voorlopig zit er voor de wintersporters in deze regio niets anders op dan afwachten. Het is te hopen voor de skifans dat de \u201coptimale omstandigheden\u201d snel bereikt worden, zodat seizoen 2025\/2026 alsnog van start kan gaan. Gelukkig gaan er in de rest van Europa juist skigebieden eerder open vanwege de hevige sneeuwval en de lage temperaturen de afgelopen tijd.<\/p>\n<p>Lees ook: <a href=\"https:\/\/skiinformatie.nl\/ski-juwel-opent-bijna-een-week-eerder-eerste-liften-dit-weekend-al-in-gebruik\/\" rel=\"nofollow noopener\" target=\"_blank\">Ski Juwel opent bijna een week eerder<\/a><\/p>\n<p><script async src=\"\/\/www.instagram.com\/embed.js\"><\/script><\/p>\n","protected":false},"excerpt":{"rendered":"Het moest de start van een prachtig seizoen worden. De sneeuwkanonnen draaiden al weken en er was verse&hellip;\n","protected":false},"author":2,"featured_media":74024,"comment_status":"","ping_status":"","sticky":false,"template":"","format":"standard","meta":{"footnotes":""},"categories":[15],"tags":[39,40,48,43,44,34,35,41,42,46,47,49,45,32,33,50,36,37,38,67,64,65,66],"class_list":{"0":"post-74023","1":"post","2":"type-post","3":"status-publish","4":"format-standard","5":"has-post-thumbnail","7":"category-wereld","8":"tag-breaking-news","9":"tag-breakingnews","10":"tag-dutch","11":"tag-featured-news","12":"tag-featurednews","13":"tag-headlines","14":"tag-hoofdpunten","15":"tag-latest-news","16":"tag-latestnews","17":"tag-nederland","18":"tag-nederlanden","19":"tag-nederlands","20":"tag-netherlands","21":"tag-news","22":"tag-nieuws","23":"tag-nl","24":"tag-top-stories","25":"tag-topstories","26":"tag-voorpaginanieuws","27":"tag-wereld","28":"tag-world","29":"tag-world-news","30":"tag-worldnews"},"share_on_mastodon":{"url":"https:\/\/pubeurope.com\/@nl\/115657420562501779","error":""},"_links":{"self":[{"href":"https:\/\/www.europesays.com\/nl\/wp-json\/wp\/v2\/posts\/74023","targetHints":{"allow":["GET"]}}],"collection":[{"href":"https:\/\/www.europesays.com\/nl\/wp-json\/wp\/v2\/posts"}],"about":[{"href":"https:\/\/www.europesays.com\/nl\/wp-json\/wp\/v2\/types\/post"}],"author":[{"embeddable":true,"href":"https:\/\/www.europesays.com\/nl\/wp-json\/wp\/v2\/users\/2"}],"replies":[{"embeddable":true,"href":"https:\/\/www.europesays.com\/nl\/wp-json\/wp\/v2\/comments?post=74023"}],"version-history":[{"count":0,"href":"https:\/\/www.europesays.com\/nl\/wp-json\/wp\/v2\/posts\/74023\/revisions"}],"wp:featuredmedia":[{"embeddable":true,"href":"https:\/\/www.europesays.com\/nl\/wp-json\/wp\/v2\/media\/74024"}],"wp:attachment":[{"href":"https:\/\/www.europesays.com\/nl\/wp-json\/wp\/v2\/media?parent=74023"}],"wp:term":[{"taxonomy":"category","embeddable":true,"href":"https:\/\/www.europesays.com\/nl\/wp-json\/wp\/v2\/categories?post=74023"},{"taxonomy":"post_tag","embeddable":true,"href":"https:\/\/www.europesays.com\/nl\/wp-json\/wp\/v2\/tags?post=74023"}],"curies":[{"name":"wp","href":"https:\/\/api.w.org\/{rel}","templated":true}]}}