{"id":74075,"date":"2025-12-03T20:59:11","date_gmt":"2025-12-03T20:59:11","guid":{"rendered":"https:\/\/www.europesays.com\/nl\/74075\/"},"modified":"2025-12-03T20:59:11","modified_gmt":"2025-12-03T20:59:11","slug":"fifa-bedenkt-truc-om-toplanden-zo-lang-mogelijk-te-scheiden-op-wk","status":"publish","type":"post","link":"https:\/\/www.europesays.com\/nl\/74075\/","title":{"rendered":"FIFA bedenkt truc om toplanden zo lang mogelijk te scheiden op WK"},"content":{"rendered":"<p>De <a href=\"https:\/\/www.fcupdate.nl\/tags\/fifa\" rel=\"nofollow noopener\" target=\"_blank\">FIFA<\/a> heeft een verandering aangebracht in aanloop naar de loting van het WK van komende zomer, zo meldt <a target=\"_blank\" href=\"https:\/\/www.parool.nl\/sport\/nieuwe-truc-van-de-fifa-levert-toplanden-op-wk-extra-voordeel-op-en-ronaldo-is-gematst~b512b7be\/\" tt-mode=\"url\" rel=\"nofollow noopener\">Het Parool<\/a>. Met de aanpassing wil de bond de bovenste vier landen op de wereldranglijst tegemoetkomen.<\/p>\n<p>De FIFA heeft voor de loting van het WK een truc toegepast. De bond heeft er baat bij dat de toplanden zo lang mogelijk in het toernooi zitten en elkaar niet al vroeg in het speelschema uitschakelen. Daarom is er besloten dat de vier bovenste landen op de wereldranglijst een voorkeursbehandeling krijgen. Het gaat dus om Spanje, Argentini\u00eb, Frankrijk en Engeland.<\/p>\n<p>            Artikel gaat verder onder video<\/p>\n<p>Tijdens de loting zullen nummers \u00e9\u00e9n en twee Spanje en Argentini\u00eb in poules worden geplaatst waarvan de groepswinnaars aan andere kanten van het knock-outschema belanden. Hetzelfde geldt voor nummers drie en vier Frankrijk en Engeland. Als deze landen doen wat ze moeten doen en hun respectievelijke poules winnen, zijn de wedstrijden Spanje &#8211; Argentini\u00eb en Frankrijk &#8211; Engeland pas in de finale mogelijk.<\/p>\n<p>Deze regeling voelt met name voor een land als Belgi\u00eb niet eerlijk. Onze zuiderburen stonden voorafgaand aan het WK in Qatar in 2022 vier jaar op de eerste plek, maar kreeg hier geen voordeel van. Ook Kroati\u00eb en Marokko zijn hier voorbeelden van, aangezien beide landen het in respectievelijk 2018 en 2022 heel ver schopten op het WK. Kroati\u00eb haalde de finale en Marokko de halve finale. De FIFA voert het argument aan dat de beslissing is genomen om voor \u2018een betere balans\u2019 in het speelschema te zorgen.<\/p>\n","protected":false},"excerpt":{"rendered":"De FIFA heeft een verandering aangebracht in aanloop naar de loting van het WK van komende zomer, zo&hellip;\n","protected":false},"author":2,"featured_media":74076,"comment_status":"","ping_status":"","sticky":false,"template":"","format":"standard","meta":{"footnotes":""},"categories":[5],"tags":[2141,39,40,48,1939,43,44,5892,526,34,35,235,41,42,2495,46,47,49,45,32,33,50,914,36,37,167,234,38,660,1956],"class_list":{"0":"post-74075","1":"post","2":"type-post","3":"status-publish","4":"format-standard","5":"has-post-thumbnail","7":"category-hoofdpunten","8":"tag-argentinie","9":"tag-breaking-news","10":"tag-breakingnews","11":"tag-dutch","12":"tag-engeland","13":"tag-featured-news","14":"tag-featurednews","15":"tag-fifa","16":"tag-frankrijk","17":"tag-headlines","18":"tag-hoofdpunten","19":"tag-laatste-voetbalnieuws","20":"tag-latest-news","21":"tag-latestnews","22":"tag-loting","23":"tag-nederland","24":"tag-nederlanden","25":"tag-nederlands","26":"tag-netherlands","27":"tag-news","28":"tag-nieuws","29":"tag-nl","30":"tag-spanje","31":"tag-top-stories","32":"tag-topstories","33":"tag-voetbal","34":"tag-voetbalnieuws","35":"tag-voorpaginanieuws","36":"tag-wereldkampioenschap","37":"tag-wk"},"share_on_mastodon":{"url":"https:\/\/pubeurope.com\/@nl\/115657648760617164","error":""},"_links":{"self":[{"href":"https:\/\/www.europesays.com\/nl\/wp-json\/wp\/v2\/posts\/74075","targetHints":{"allow":["GET"]}}],"collection":[{"href":"https:\/\/www.europesays.com\/nl\/wp-json\/wp\/v2\/posts"}],"about":[{"href":"https:\/\/www.europesays.com\/nl\/wp-json\/wp\/v2\/types\/post"}],"author":[{"embeddable":true,"href":"https:\/\/www.europesays.com\/nl\/wp-json\/wp\/v2\/users\/2"}],"replies":[{"embeddable":true,"href":"https:\/\/www.europesays.com\/nl\/wp-json\/wp\/v2\/comments?post=74075"}],"version-history":[{"count":0,"href":"https:\/\/www.europesays.com\/nl\/wp-json\/wp\/v2\/posts\/74075\/revisions"}],"wp:featuredmedia":[{"embeddable":true,"href":"https:\/\/www.europesays.com\/nl\/wp-json\/wp\/v2\/media\/74076"}],"wp:attachment":[{"href":"https:\/\/www.europesays.com\/nl\/wp-json\/wp\/v2\/media?parent=74075"}],"wp:term":[{"taxonomy":"category","embeddable":true,"href":"https:\/\/www.europesays.com\/nl\/wp-json\/wp\/v2\/categories?post=74075"},{"taxonomy":"post_tag","embeddable":true,"href":"https:\/\/www.europesays.com\/nl\/wp-json\/wp\/v2\/tags?post=74075"}],"curies":[{"name":"wp","href":"https:\/\/api.w.org\/{rel}","templated":true}]}}