{"id":74513,"date":"2025-12-04T10:18:49","date_gmt":"2025-12-04T10:18:49","guid":{"rendered":"https:\/\/www.europesays.com\/nl\/74513\/"},"modified":"2025-12-04T10:18:49","modified_gmt":"2025-12-04T10:18:49","slug":"den-bosch-geeft-daklozen-direct-een-huis-en-dat-helpt-maar-andere-gemeenten-twijfelen","status":"publish","type":"post","link":"https:\/\/www.europesays.com\/nl\/74513\/","title":{"rendered":"Den Bosch geeft daklozen direct een huis en dat helpt, maar andere gemeenten twijfelen"},"content":{"rendered":"<p class=\"has-drop-cap\">Toen Pieter Paul Slikker, wethouder Zorg en Wonen in Den Bosch, drie jaar geleden op bezoek ging bij de daklozenopvang, schrok hij behoorlijk. Hij zag, vertelt Slikker, een \u201ecompleet afgeleefd pand, vergeelde muren met gaten erin, stucwerk met vochtplekken, vieze oude bedjes en sanitair, tja, die je op de slechtste camping in Frankrijk in het hoogseizoen nog niet tegenkomt.\u201d<\/p>\n<p>Aan de opvangdirecteur, Thijs Honig, vroeg hij van wie \u201ein vredesnaam\u201d dat pand was. \u2018Van jullie\u2019, zei die.<\/p>\n<p>De gemeente Den Bosch besloot nog datzelfde jaar, 2022, de aanpak van dakloosheid radicaal om te gooien. Afgelopen donderdag vertelden Slikker en Honig, inmiddels voormalig opvangdirecteur, erover bij de conferentie \u2018Dakloos in Nederland\u2019.<\/p>\n<p>De nieuwe aanpak ging \u2018Wonen Eerst\u2019 heten. Grotere opvangplekken werden opgeknapt. Het oude zogenoemde \u201e\u201d, met 77 plekken, verdween. Daarvoor in de plaats kwamen 55 kleinschalige opvangplekken, \u201etussenvoorzieningen\u201d. Dat zijn huizen, studio\u2019s en appartementen waar dakloze personen tijdelijk kunnen verblijven in afwachting van een eigen woning.<\/p>\n<p>Huisvesting is de kern van de nieuwe aanpak, die is gebaseerd op het Amerikaanse concept Housing First. Zo snel mogelijk passende woonvoorziening bieden aan mensen zonder complexe problematiek, dat is het idee. En niet meer \u201emensen eindeloos opvangen.\u201d<\/p>\n<p>Het werkt, zegt Slikker in een telefonische toelichting na het congres. Er zijn nu, vertelt hij, vijfhonderd dak- en thuislozen in Den Bosch, van wie er tweehonderd huisvesting hebben via het programma. De tijd die daklozen doorbrengen in de opvang werd van dertien naar minder dan drie maanden () teruggebracht. Niet alle tweehonderd mensen zaten al in de opvang \u2013 sommigen overbrugden hun dakloze periode nog bij vrienden of familie. <\/p>\n<blockquote class=\"dmt-quote\" data-styled=\"false\">\n<p>\u2018Wonen eerst\u2019 is ju\u00edst nodig tijdens de wooncrisis. Anders was die groep zelf wel aan een woning gekomen<\/p>\n<\/blockquote>\n<p>De rijksoverheid <a href=\"https:\/\/www.nrc.nl\/nieuws\/2022\/08\/04\/dakloosheid-in-europa-een-slecht-gedocumenteerde-crisis-2-a4138149\" rel=\"nofollow noopener\" target=\"_blank\">nam zich in 2022 voor<\/a> om in 2030 dakloosheid uit Nederland te verbannen. Ook toen was het devies: <a data-id=\"https:\/\/www.rijksoverheid.nl\/actueel\/nieuws\/2022\/06\/01\/kabinet-presenteert-vernieuwde-aanpak-dakloosheid-wonen-eerst\" data-type=\"link\" href=\"https:\/\/www.rijksoverheid.nl\/actueel\/nieuws\/2022\/06\/01\/kabinet-presenteert-vernieuwde-aanpak-dakloosheid-wonen-eerst\" rel=\"nofollow noopener\" target=\"_blank\">wonen eerst<\/a>. \u201eHuisvesting wordt de kern van de vernieuwde aanpak\u201d, schreef het kabinet destijds aan de Tweede Kamer, en \u2018ervaringsdeskundigen\u2019 zouden een grote rol krijgen bij het terugdringen van dakloosheid. Er werd 65 miljoen euro per jaar uitgetrokken.<\/p>\n<p>Drie jaar later is Den Bosch een van de weinige gemeenten waar de aanpak volledig is doorgevoerd, al is ook op verschillende andere plekken eenzelfde aanpak aangekondigd of in gang gezet. Dit jaar kondigden bijvoorbeeld alle <a data-id=\"https:\/\/www.elanwonen.nl\/nieuws\/regio-stelt-wonen-centraal-in-nieuwe-aanpak-van-dakloosheid?utm_source=chatgpt.com\" data-type=\"link\" href=\"https:\/\/www.elanwonen.nl\/nieuws\/regio-stelt-wonen-centraal-in-nieuwe-aanpak-van-dakloosheid?utm_source=chatgpt.com\" rel=\"nofollow noopener\" target=\"_blank\">gemeenten<\/a> in Zuid-Kennemerland, Haarlemmermeer en de IJmond eenzelfde aanpak aan. In Utrecht werd een initiatiefvoorstel om \u2018wonen eerst\u2019 centraal te stellen <a data-id=\"https:\/\/utrecht.pvda.nl\/nieuws\/voorstel-aangenomen-utrecht-geeft-thuis-voor-dakloze-mensen\/\" data-type=\"link\" href=\"https:\/\/utrecht.pvda.nl\/nieuws\/voorstel-aangenomen-utrecht-geeft-thuis-voor-dakloze-mensen\/\" rel=\"nofollow noopener\" target=\"_blank\">aangenomen<\/a>.<\/p>\n<p>Toch merkt Slikker dat veel bestuurders door de wooncrisis huiverig zijn, vertelt hij. \u201eDat vind ik een van de grote misvattingen\u201d, zegt hij. \u201eWant \u2018wonen eerst\u2019 is ju\u00edst nodig tijdens de wooncrisis. Anders was die groep zelf wel aan een woning gekomen.\u201d In Den Bosch is volgens Slikker niet gebleken dat er structureel meer woningen nodig zijn voor dit programma. <\/p>\n<p>Huurachterstanden en overlast<\/p>\n<p>In 2023 voerden onderzoekers van de Hogeschool Utrecht en Stichting Kansfonds een eerste telling van dakloosheid uit in twaalf Nederlandse gemeenten. Daaruit bleek dat veel daklozen niet voldoen aan het standaardbeeld van de verwarde, verslaafde, overlastgevende man op straat. Dakloosheid, zo bleek, treft zowel mannen, vrouwen, als jonge kinderen en het was een veel groter probleem dan voorheen geschat. Bij de <a data-id=\"https:\/\/www.nrc.nl\/nieuws\/2025\/10\/08\/nieuwe-telling-een-op-de-honderd-dak-of-thuisloos-in-amsterdam-en-den-haag-a4908832\" data-type=\"link\" href=\"https:\/\/www.nrc.nl\/nieuws\/2025\/10\/08\/nieuwe-telling-een-op-de-honderd-dak-of-thuisloos-in-amsterdam-en-den-haag-a4908832\" rel=\"nofollow noopener\" target=\"_blank\">laatste telling<\/a>, dit jaar, werden in 57 gemeenten bijna 30.000 daklozen \u2018gevonden\u2019, en bleek opnieuw dat dakloosheid een brede groep treft.<\/p>\n<p>Met de eerste telling deed Den Bosch al mee. Slikker: \u201eEigenlijk moet je niet blij zijn met de uitkomsten van die telling natuurlijk, want de resultaten zijn superpijnlijk. Maar het heeft destijds wel mensen die twijfelden over onze aanpak over de streep getrokken.\u201d <\/p>\n<p>Die twijfelaars waren er in Den Bosch. Gemeenteraadsleden, woningcorporaties en bestuurders in omliggende regio\u2019s waren sceptisch. Corporaties maakten zich bijvoorbeeld zorgen om huurachterstanden en overlast. Die bleken ongegrond, zegt Slikker. \u201eEr is niet m\u00e9\u00e9r sprake van huurachterstanden dan gemiddeld. We hebben \u00e9\u00e9n melding van overlast gehad.\u201d<\/p>\n<p><img alt=\"Centrum voor tandzorg staat voor een daklozenopvang in Den Bosch.\" data-lightbox-highres=\"https:\/\/images.nrc.nl\/QKMu0M6CKYwvVCnIPYFmnPW73sM=\/1920x\/filters:no_upscale()\/s3\/static.nrc.nl\/wp-content\/uploads\/2025\/12\/01121120\/011225BIN_2025110121_slikker2.jpg\" data-lightbox-highres-webp=\"https:\/\/images.nrc.nl\/Jg8XgZ_-0P5yKlKSSQUmvPIp8_c=\/1920x\/filters:no_upscale():format(webp)\/s3\/static.nrc.nl\/wp-content\/uploads\/2025\/12\/01121120\/011225BIN_2025110121_slikker2.jpg\" data-lightbox-zoom=\"https:\/\/images.nrc.nl\/QKMu0M6CKYwvVCnIPYFmnPW73sM=\/1920x\/filters:no_upscale()\/s3\/static.nrc.nl\/wp-content\/uploads\/2025\/12\/01121120\/011225BIN_2025110121_slikker2.jpg\" data-lightbox-zoom-webp=\"https:\/\/images.nrc.nl\/Jg8XgZ_-0P5yKlKSSQUmvPIp8_c=\/1920x\/filters:no_upscale():format(webp)\/s3\/static.nrc.nl\/wp-content\/uploads\/2025\/12\/01121120\/011225BIN_2025110121_slikker2.jpg\" data-open-in-lightbox=\"true\" decoding=\"async\" height=\"3780\" loading=\"lazy\" src=\"https:\/\/www.europesays.com\/nl\/wp-content\/uploads\/2025\/12\/011225BIN_2025110121_slikker2.jpg\"  width=\"5662\"\/><\/p>\n<p class=\"caption\" id=\"figcaption-1\">Centrum voor tandzorg staat voor een daklozenopvang in Den Bosch.<\/p>\n<p>Merlin Daleman<\/p>\n<p>Zoom in<\/p>\n<p>Zorgen om een \u201eaanzuigende werking\u201d die de aanpak op dakloze mensen zou hebben, zijn volgens Slikker ook niet terecht gebleken. \u201eDie is er nauwelijks.\u201d De regeling is alleen bedoeld voor . \u201eEen aantal hebben het wel geprobeerd, maar die hebben we in de eigen regio op de juiste weg geholpen.\u201d<\/p>\n<p>Door het nieuwe systeem heeft Den Bosch , zegt Slikker. Toch zijn er mensen die niet in aanmerking komen voor het programma en moeilijk geholpen kunnen worden. Dakloze arbeidsmigranten bijvoorbeeld die huisvesting krijgen via hun werk, maar al snel hun baan kwijtraken en dus ook hun woning verliezen.<\/p>\n<blockquote class=\"dmt-quote\" data-styled=\"false\">\n<p>Ik roep tegen het Rijk: verander onze financiering. Bouw het bedrag voor opvang af, en geef extra geld zodat we huisvesting kunnen bieden<\/p>\n<\/blockquote>\n<p>Afgelopen week zette demissionair minister van Sociale Zaken en Werkgelegenheid Mari\u00eblle Paul (VVD) juist <a href=\"https:\/\/www.nrc.nl\/nieuws\/2025\/11\/02\/plots-veegt-de-nieuwe-minister-plan-voor-arbeidsmigranten-van-tafel-van-hijum-insinueert-invloed-lobby-a4911605\" rel=\"nofollow noopener\" target=\"_blank\">een streep door een plan<\/a> dat contracten moest verbieden waarbij arbeiders snel dakloos kunnen raken als ze hun werk kwijtraken. Slikker: \u201earbeidsmigrant werk je vandaag in Bergen op Zoom, morgen in Antwerpen, overmorgen in Rotterdam. Wat gebeurt er dan als je je baan en huisvesting verliest, hoe regel je dat met elkaar? Dat moet je niet op de schaal van gemeentes organiseren. \u201d<\/p>\n<p>\u201eIn  is het oplossen van dak- en thuisloosheid de verantwoordelijkheid van wethouders die zorg in hun portefeuille hebben\u201d, zegt Slikker, \u201eNet als de staatssecretaris van Gezondheid op staatsniveau. Dat is vreemd, de meeste mensen hebben vooral een woning nodig. Ik roep ook al drie jaar tegen het Rijk: verander onze financiering. Bouw het bedrag voor opvang af, en geef extra geld zodat we huisvesting kunnen bieden. Dan zullen gemeentes die over \u2018wonen eerst\u2019 twijfelen vast harder gaan lopen.\u201d<\/p>\n<p>Slikker hoopt dat alsnog meer gemeenten aan de slag gaan met \u2018wonen eerst\u2019, zegt hij: \u201eJe hebt het Rijk niet nodig. Kleinschalige opvang en voorzieningen hoeven niet het afvoerputje van het afvoerputje te zijn, maar een plek gericht op herstel.\u201d<\/p>\n<p><a class=\"dmt-article-suggestion\" href=\"https:\/\/www.nrc.nl\/nieuws\/2025\/11\/14\/inmiddels-worden-mensen-dakloos-waar-niets-mis-mee-is-en-ook-hier-faalt-de-hulp-a4912364\" rel=\"nofollow noopener\" target=\"_blank\"><\/p>\n<p>\n\t\t\t\tLees ook\n\t\t\t<\/p>\n<p>Inmiddels worden mensen met wie niets mis is dakloos, en ook hier faalt de hulp<\/p>\n<p><img decoding=\"async\" alt=\"Inmiddels worden mensen met wie niets mis is dakloos, en ook hier faalt de hulp\" class=\"dmt-article-suggestion__image\" src=\"https:\/\/www.europesays.com\/nl\/wp-content\/uploads\/2025\/12\/141125OPI_2022942082_2.jpg\"\/><br \/>\n<\/a><\/p>\n<p>Geef cadeau<\/p>\n<p>Deel<\/p>\n<p>Mail de redactie<\/p>\n<p>\nNIEUW: Geef dit artikel cadeau<br \/>\n\t\t\tAls NRC-abonnee kun je elke maand 10 artikelen cadeau geven aan iemand zonder NRC-abonnement. De ontvanger kan het artikel direct lezen, zonder betaalmuur.\n\t\t<\/p>\n<p><a aria-label=\"The Trust Project, lees meer over NRC en waarom je NRC kan vertrouwen\" class=\"trust__message\" href=\"http:\/\/www.nrc.nl\/over-ons\/#vertrouwen\" rel=\"nofollow noopener\" target=\"_blank\"><\/p>\n<p>\tWaarom je NRC kan vertrouwen<br \/>\n<\/a> <\/p>\n","protected":false},"excerpt":{"rendered":"Toen Pieter Paul Slikker, wethouder Zorg en Wonen in Den Bosch, drie jaar geleden op bezoek ging bij&hellip;\n","protected":false},"author":2,"featured_media":74514,"comment_status":"","ping_status":"","sticky":false,"template":"","format":"standard","meta":{"footnotes":""},"categories":[12],"tags":[39,40,48,43,44,34,35,41,42,46,47,49,45,32,33,50,36,37,38],"class_list":{"0":"post-74513","1":"post","2":"type-post","3":"status-publish","4":"format-standard","5":"has-post-thumbnail","7":"category-nederland","8":"tag-breaking-news","9":"tag-breakingnews","10":"tag-dutch","11":"tag-featured-news","12":"tag-featurednews","13":"tag-headlines","14":"tag-hoofdpunten","15":"tag-latest-news","16":"tag-latestnews","17":"tag-nederland","18":"tag-nederlanden","19":"tag-nederlands","20":"tag-netherlands","21":"tag-news","22":"tag-nieuws","23":"tag-nl","24":"tag-top-stories","25":"tag-topstories","26":"tag-voorpaginanieuws"},"share_on_mastodon":{"url":"https:\/\/pubeurope.com\/@nl\/115660794918999254","error":""},"_links":{"self":[{"href":"https:\/\/www.europesays.com\/nl\/wp-json\/wp\/v2\/posts\/74513","targetHints":{"allow":["GET"]}}],"collection":[{"href":"https:\/\/www.europesays.com\/nl\/wp-json\/wp\/v2\/posts"}],"about":[{"href":"https:\/\/www.europesays.com\/nl\/wp-json\/wp\/v2\/types\/post"}],"author":[{"embeddable":true,"href":"https:\/\/www.europesays.com\/nl\/wp-json\/wp\/v2\/users\/2"}],"replies":[{"embeddable":true,"href":"https:\/\/www.europesays.com\/nl\/wp-json\/wp\/v2\/comments?post=74513"}],"version-history":[{"count":0,"href":"https:\/\/www.europesays.com\/nl\/wp-json\/wp\/v2\/posts\/74513\/revisions"}],"wp:featuredmedia":[{"embeddable":true,"href":"https:\/\/www.europesays.com\/nl\/wp-json\/wp\/v2\/media\/74514"}],"wp:attachment":[{"href":"https:\/\/www.europesays.com\/nl\/wp-json\/wp\/v2\/media?parent=74513"}],"wp:term":[{"taxonomy":"category","embeddable":true,"href":"https:\/\/www.europesays.com\/nl\/wp-json\/wp\/v2\/categories?post=74513"},{"taxonomy":"post_tag","embeddable":true,"href":"https:\/\/www.europesays.com\/nl\/wp-json\/wp\/v2\/tags?post=74513"}],"curies":[{"name":"wp","href":"https:\/\/api.w.org\/{rel}","templated":true}]}}