{"id":74951,"date":"2025-12-04T18:43:09","date_gmt":"2025-12-04T18:43:09","guid":{"rendered":"https:\/\/www.europesays.com\/nl\/74951\/"},"modified":"2025-12-04T18:43:09","modified_gmt":"2025-12-04T18:43:09","slug":"militiebaas-gedood-die-in-gaza-vocht-tegen-hamas-zeggen-israelische-media","status":"publish","type":"post","link":"https:\/\/www.europesays.com\/nl\/74951\/","title":{"rendered":"Militiebaas gedood die in Gaza vocht tegen Hamas, zeggen Isra\u00eblische media"},"content":{"rendered":"<p><img alt=\"\" decoding=\"async\" loading=\"eager\" src=\"https:\/\/www.europesays.com\/nl\/wp-content\/uploads\/2025\/12\/1764873789_690_1024x576a.jpg\" class=\"sc-bcb3b750-1 cULYcE\"\/>ReutersMilitieleider Abu Shabab staat in het midden op deze foto van vorige maand<\/p>\n<p>NOS Nieuws\u2022vandaag, 19:17<\/p>\n<p class=\"sc-2ea02837-0 fedhGB\" id=\"671338773520743\">Volgens anonieme Isra\u00eblische veiligheidsbronnen is in Gaza de leider van een militie gedood die vocht tegen Hamas. De dood van Yasser Abu Shabab is nog niet bevestigd of ontkend door zijn strijdgroep de &#8216;Populaire Strijdkrachten&#8217;. De gewapende groepering wordt geholpen door Isra\u00ebl.<\/p>\n<p class=\"sc-2ea02837-0 fedhGB\" id=\"676338237841602\">De anonieme bronnen beweren dat hij is neergeschoten in een gevecht met een andere militie. Hij zou later zijn doodverklaard in een ziekenhuis in het zuiden van Isra\u00ebl. Het Soroka Medisch Centrum weerspreekt echter dat de man daar is behandeld.<\/p>\n<p class=\"sc-2ea02837-0 fedhGB\" id=\"914769163744662\">Hoewel er nog geen bewijs is geleverd voor de dood van Abu Shabab, wordt het nieuws breed opgepakt door internationale media. Volgens nieuwszender Al Jazeera lijkt het te kloppen dat de militieleider dood is, al is het nog de vraag wie hem heeft omgebracht.<\/p>\n<p class=\"sc-2ea02837-0 fedhGB\" id=\"56723999124903\">De zender heeft ook een foto van Abu Shabab gedeeld:<\/p>\n<p class=\"sc-2ea02837-0 fedhGB\" id=\"991498686000441\">Het Palestijnse Quds News Network schrijft dat de dood van Abu Shabab in Khan Younis wordt gevierd door burgers. Hamas had de militieleider bestempeld tot verrader van het Palestijnse volk.<\/p>\n<p class=\"sc-2ea02837-0 fedhGB\" id=\"598546665417158\">Een speciale eenheid van Hamas die achter veronderstelde collaborateurs aangaat, heeft vandaag een foto van Abu Shabab geplaatst met daarbij de tekst: &#8220;We zeiden het, Isra\u00ebl zal je niet beschermen.&#8221;<\/p>\n<p>300 gewapende mannen<\/p>\n<p class=\"sc-2ea02837-0 fedhGB\" id=\"229351944376030\">Abu Shabab is afkomstig uit een bedoe\u00efenenstam en stuurde zo&#8217;n 300 gewapende mannen aan. Zijn bende is gevestigd het deel van Zuid-Gaza dat is bezet door het Isra\u00eblische leger, schrijven de kranten Times of Israel en Haaretz. De militie heeft onder meer geld en wapens gekregen van Isra\u00ebl. De Populaire Strijdkrachten is \u00e9\u00e9n van de gewapende groepen die Isra\u00ebl heeft gesteund in Gaza om Hamas te verzwakken.<\/p>\n<p class=\"sc-2ea02837-0 fedhGB\" id=\"967671498969876\">In en rond Rafah, waar de militie actief is, zijn de afgelopen dagen zware gevechten geweest. Het Isra\u00eblische leger zegt dat er veertig Hamas-militanten zijn gedood. Gisteren meldde het leger dat er vier Isra\u00eblische militairen gewond zijn geraakt. Het staakt-het-vuren tussen Hamas en Isra\u00ebl wordt in de praktijk volop geschonden.<\/p>\n<p>Beschuldigd van stelen humanitaire hulp<\/p>\n<p class=\"sc-2ea02837-0 fedhGB\" id=\"769551565524146\">Volgens Haaretz zijn Abu Shabab en een deel van zijn manschappen gelinkt aan terreurbeweging Islamitische Staat. De Populaire Strijdkrachten worden beschuldigd van het stelen van noodhulp die bedoeld is voor burgers in Zuid-Gaza.<\/p>\n<p class=\"sc-2ea02837-0 fedhGB\" id=\"384825228937503\">De militiebaas heeft dat niet volledig ontkend. Hij beweerde dat zijn strijders geen voedsel of tenten hebben meegenomen die voor kinderen bestemd waren. Abu Shabab wierp zich op als beschermheer van de inwoners van Gaza en stelde dat hij ze juist extra humanitaire hulp heeft geleverd.<\/p>\n","protected":false},"excerpt":{"rendered":"ReutersMilitieleider Abu Shabab staat in het midden op deze foto van vorige maand NOS Nieuws\u2022vandaag, 19:17 Volgens anonieme&hellip;\n","protected":false},"author":2,"featured_media":74952,"comment_status":"","ping_status":"","sticky":false,"template":"","format":"standard","meta":{"footnotes":""},"categories":[15],"tags":[39,40,48,43,44,738,1990,34,35,68,41,42,46,47,49,45,32,33,50,17281,36,37,38,67,64,65,66],"class_list":{"0":"post-74951","1":"post","2":"type-post","3":"status-publish","4":"format-standard","5":"has-post-thumbnail","7":"category-wereld","8":"tag-breaking-news","9":"tag-breakingnews","10":"tag-dutch","11":"tag-featured-news","12":"tag-featurednews","13":"tag-gaza","14":"tag-hamas","15":"tag-headlines","16":"tag-hoofdpunten","17":"tag-israel","18":"tag-latest-news","19":"tag-latestnews","20":"tag-nederland","21":"tag-nederlanden","22":"tag-nederlands","23":"tag-netherlands","24":"tag-news","25":"tag-nieuws","26":"tag-nl","27":"tag-populaire-strijdkrachten","28":"tag-top-stories","29":"tag-topstories","30":"tag-voorpaginanieuws","31":"tag-wereld","32":"tag-world","33":"tag-world-news","34":"tag-worldnews"},"share_on_mastodon":{"url":"https:\/\/pubeurope.com\/@nl\/115662776487539033","error":""},"_links":{"self":[{"href":"https:\/\/www.europesays.com\/nl\/wp-json\/wp\/v2\/posts\/74951","targetHints":{"allow":["GET"]}}],"collection":[{"href":"https:\/\/www.europesays.com\/nl\/wp-json\/wp\/v2\/posts"}],"about":[{"href":"https:\/\/www.europesays.com\/nl\/wp-json\/wp\/v2\/types\/post"}],"author":[{"embeddable":true,"href":"https:\/\/www.europesays.com\/nl\/wp-json\/wp\/v2\/users\/2"}],"replies":[{"embeddable":true,"href":"https:\/\/www.europesays.com\/nl\/wp-json\/wp\/v2\/comments?post=74951"}],"version-history":[{"count":0,"href":"https:\/\/www.europesays.com\/nl\/wp-json\/wp\/v2\/posts\/74951\/revisions"}],"wp:featuredmedia":[{"embeddable":true,"href":"https:\/\/www.europesays.com\/nl\/wp-json\/wp\/v2\/media\/74952"}],"wp:attachment":[{"href":"https:\/\/www.europesays.com\/nl\/wp-json\/wp\/v2\/media?parent=74951"}],"wp:term":[{"taxonomy":"category","embeddable":true,"href":"https:\/\/www.europesays.com\/nl\/wp-json\/wp\/v2\/categories?post=74951"},{"taxonomy":"post_tag","embeddable":true,"href":"https:\/\/www.europesays.com\/nl\/wp-json\/wp\/v2\/tags?post=74951"}],"curies":[{"name":"wp","href":"https:\/\/api.w.org\/{rel}","templated":true}]}}