{"id":75092,"date":"2025-12-04T22:02:12","date_gmt":"2025-12-04T22:02:12","guid":{"rendered":"https:\/\/www.europesays.com\/nl\/75092\/"},"modified":"2025-12-04T22:02:12","modified_gmt":"2025-12-04T22:02:12","slug":"ajax-geeft-jordi-cruijff-gigantisch-takenpakket-mee-direct-na-aanstelling","status":"publish","type":"post","link":"https:\/\/www.europesays.com\/nl\/75092\/","title":{"rendered":"Ajax geeft Jordi Cruijff gigantisch takenpakket mee direct na aanstelling"},"content":{"rendered":"<p>                                                        <img loading=\"lazy\" decoding=\"async\" data-image-size=\"not_specified\" class=\"\" width=\"112\" height=\"112\" alt=\"Milan Keskin\" src=\"https:\/\/www.europesays.com\/nl\/wp-content\/uploads\/2025\/11\/w=112,h=112,quality=75,fit=cover,format=auto.png\"\/>                                                    <\/p>\n<p>                                                  <img decoding=\"async\" data-image-size=\"retina\" class=\"\" width=\"1200\" height=\"675\" alt=\"Jordi Cruijff\" src=\"https:\/\/www.europesays.com\/nl\/wp-content\/uploads\/2025\/12\/1764885731_359_w=1200,h=675,quality=75,fit=cover,format=auto.jpeg\" fetchpriority=\"high\"\/><br \/>\n                                                                                                                                                                                                        \u00a9 IMAGO <\/p>\n<p>Alle seinen staan op groen: Jordi Cruijff moet de nieuwe technisch directeur van <a href=\"https:\/\/www.footballtransfers.com\/nl\/teams\/nl\/ajax\" title=\"Ajax Amsterdam\" rel=\"nofollow noopener\" target=\"_blank\">Ajax<\/a> worden. Maar wat zullen zijn eerste taken zijn? Inmiddels is duidelijk dat de voormalig speler van FC Barcelona en Manchester United voor een gigantische opgave staat en direct aan de bak zal moeten als technisch directeur bij Ajax.<\/p>\n<p>De bijna definitieve benoeming van Cruijff komt voor Ajax op een cruciaal moment, want de club staat voor een enorme opgave. Ajax verkeert in een onzekere fase en zag de laatste tijd al de nodige onrust in de top van de club. De oud-speler van FC Barcelona en Manchester United is topkandidaat en er vonden al ori\u00ebnterende gesprekken plaats. Mocht hij ja zeggen, dan wacht hem een enorme klus.<\/p>\n<p>Artikel gaat verder onder de video <\/p>\n<p>Hi\u00ebrarchie en voetbalvisie herstellen<\/p>\n<p>Een van de eerste klussen voor de oud-speler, als hij daadwerkelijk ja zegt, is het herstellen van de hi\u00ebrarchie en de voetbalvisie binnen de club. Ajax is naarstig op zoek naar een opvolger voor Alex Kroes en ook een nieuwe hoofdtrainer moet er snel komen. Met de komst van Cruijff kan er dus gekeken gaan worden naar de verdere invulling van de posities in de club: als eerste naar het vinden van een nieuwe hoofdtrainer.<\/p>\n<p>  <img decoding=\"async\" data-image-size=\"retina\" class=\"lazyload\" width=\"750\" height=\"442\" loading=\"lazy\" alt=\"Ajax zal ook een keuze moeten maken over James McConnell. De middenvelder wordt gehuurd van Liverpool, maar voegt eigenlijk weinig toe en staat de ontwikkeling van talenten als Jorthy Mokio in de weg.\" src=\"https:\/\/www.europesays.com\/nl\/wp-content\/uploads\/2025\/11\/w=750,h=442,quality=75,fit=cover,format=auto.jpeg\"\/> \u00a9 IMAGO &#8211; Ajax zal ook een keuze moeten maken over James McConnell. De middenvelder wordt gehuurd van Liverpool, maar voegt eigenlijk weinig toe en staat de ontwikkeling van talenten als Jorthy Mokio in de weg.<\/p>\n<p>Het profiel van de nieuwe trainer bepalen \u00e9n een samenhangende technische staf rondom deze trainer samenstellen, wordt dus absolute nummer \u00e9\u00e9n op de agenda. Momenteel is het nog onduidelijk wie de nieuwe trainer moet worden, waardoor ook de invulling van de overige stafleden tijdelijk stilstaat.\u00a0<\/p>\n<p>Transferbeleid grondig aanpakken<\/p>\n<p>Ook zal de Spaanse Nederlander het transferbeleid grondig aan moeten gaan pakken. De laatste transferperiodes verliepen chaotisch en dat heeft de selectie onoverzichtelijk gemaakt. Op meerdere posities spelen spelers die eigenlijk nooit in het Ajax-shirt hadden mogen spelen. Voor Jordi Cruijff zaak om de komende transferperiodes te gebruiken voor een grote schoonmaak. Met name op de flanken ontbreekt het aan voldoende kwaliteit.<\/p>\n<p>Naast het vinden van nieuwe spelers, zal Cruijff zich ook moeten buigen over de aflopende contracten. Spelers als <a href=\"https:\/\/www.footballtransfers.com\/nl\/spelers\/remko-pasveer\" title=\"Remko Pasveer\" data-skill=\"53.3\" data-pot=\"53.3\" data-position=\"GK\" data-estimates=\"\u20ac0.3M\" data-xtvrange=\"\u20ac0.3M - \u20ac0.4M\" data-team=\"Ajax\" data-team-image=\"https:\/\/static.footballtransfers.com\/resources\/teams\/143-alt.png\" data-profile-image=\"https:\/\/images.footballtransfers.com\/?url=https:\/\/static.footballtransfers.com\/resources\/players\/1648-alt.png&amp;h=200\" data-player-tooltip=\"1\" rel=\"nofollow noopener\" target=\"_blank\">Remko Pasveer<\/a> en <a href=\"https:\/\/www.footballtransfers.com\/nl\/spelers\/wout-weghorst\" title=\"Wout Weghorst\" data-skill=\"64.2\" data-pot=\"64.2\" data-position=\"A (C)\" data-estimates=\"\u20ac2.1M\" data-xtvrange=\"\u20ac1.7M - \u20ac2.5M\" data-team=\"Ajax\" data-team-image=\"https:\/\/static.footballtransfers.com\/resources\/teams\/143-alt.png\" data-profile-image=\"https:\/\/images.footballtransfers.com\/?url=https:\/\/static.footballtransfers.com\/resources\/players\/58678-alt.webp?t=1763649925&amp;h=200\" data-player-tooltip=\"1\" rel=\"nofollow noopener\" target=\"_blank\">Wout Weghorst<\/a> beschikken over een aflopend contract, terwijl huurlingen <a href=\"https:\/\/www.footballtransfers.com\/nl\/spelers\/james-mcconnell\" title=\"James McConnell\" data-skill=\"53.1\" data-pot=\"63.1\" data-position=\"VM,  M (C)\" data-estimates=\"\u20ac2M\" data-xtvrange=\"\u20ac1.6M - \u20ac2.4M\" data-team=\"Ajax\" data-team-image=\"https:\/\/static.footballtransfers.com\/resources\/teams\/143-alt.png\" data-profile-image=\"https:\/\/images.footballtransfers.com\/?url=https:\/\/static.footballtransfers.com\/resources\/players\/47305586-alt.webp?t=1762953439&amp;h=200\" data-player-tooltip=\"1\" rel=\"nofollow noopener\" target=\"_blank\">James McConnell<\/a> en <a href=\"https:\/\/www.footballtransfers.com\/nl\/spelers\/vitezslav-jaros\" title=\"Vitezslav Jaros\" data-skill=\"51.9\" data-pot=\"57.6\" data-position=\"GK\" data-estimates=\"\u20ac3.9M\" data-xtvrange=\"\u20ac3.1M - \u20ac4.6M\" data-team=\"Ajax\" data-team-image=\"https:\/\/static.footballtransfers.com\/resources\/teams\/143-alt.png\" data-profile-image=\"https:\/\/images.footballtransfers.com\/?url=https:\/\/static.footballtransfers.com\/resources\/players\/223530-alt.webp&amp;h=200\" data-player-tooltip=\"1\" rel=\"nofollow noopener\" target=\"_blank\">Vitezslav Jaros<\/a> terugkeren naar <a href=\"https:\/\/www.footballtransfers.com\/nl\/teams\/uk\/liverpool\" title=\"Liverpool FC\" rel=\"nofollow noopener\" target=\"_blank\">Liverpool<\/a>.\u00a0<\/p>\n","protected":false},"excerpt":{"rendered":"\u00a9 IMAGO Alle seinen staan op groen: Jordi Cruijff moet de nieuwe technisch directeur van Ajax worden. Maar&hellip;\n","protected":false},"author":2,"featured_media":75093,"comment_status":"","ping_status":"","sticky":false,"template":"","format":"standard","meta":{"footnotes":""},"categories":[5],"tags":[166,1385,1560,39,40,48,165,43,44,34,35,1043,13577,41,42,3704,46,47,49,45,32,33,50,36,37,869,868,38],"class_list":{"0":"post-75092","1":"post","2":"type-post","3":"status-publish","4":"format-standard","5":"has-post-thumbnail","7":"category-hoofdpunten","8":"tag-ajax","9":"tag-ajax-amsterdam","10":"tag-alex-kroes","11":"tag-breaking-news","12":"tag-breakingnews","13":"tag-dutch","14":"tag-eredivisie","15":"tag-featured-news","16":"tag-featurednews","17":"tag-headlines","18":"tag-hoofdpunten","19":"tag-john-heitinga","20":"tag-jordi-cruijff","21":"tag-latest-news","22":"tag-latestnews","23":"tag-liverpool-fc","24":"tag-nederland","25":"tag-nederlanden","26":"tag-nederlands","27":"tag-netherlands","28":"tag-news","29":"tag-nieuws","30":"tag-nl","31":"tag-top-stories","32":"tag-topstories","33":"tag-transfernieuws","34":"tag-voetbaltransfers","35":"tag-voorpaginanieuws"},"share_on_mastodon":{"url":"https:\/\/pubeurope.com\/@nl\/115663558804234910","error":""},"_links":{"self":[{"href":"https:\/\/www.europesays.com\/nl\/wp-json\/wp\/v2\/posts\/75092","targetHints":{"allow":["GET"]}}],"collection":[{"href":"https:\/\/www.europesays.com\/nl\/wp-json\/wp\/v2\/posts"}],"about":[{"href":"https:\/\/www.europesays.com\/nl\/wp-json\/wp\/v2\/types\/post"}],"author":[{"embeddable":true,"href":"https:\/\/www.europesays.com\/nl\/wp-json\/wp\/v2\/users\/2"}],"replies":[{"embeddable":true,"href":"https:\/\/www.europesays.com\/nl\/wp-json\/wp\/v2\/comments?post=75092"}],"version-history":[{"count":0,"href":"https:\/\/www.europesays.com\/nl\/wp-json\/wp\/v2\/posts\/75092\/revisions"}],"wp:featuredmedia":[{"embeddable":true,"href":"https:\/\/www.europesays.com\/nl\/wp-json\/wp\/v2\/media\/75093"}],"wp:attachment":[{"href":"https:\/\/www.europesays.com\/nl\/wp-json\/wp\/v2\/media?parent=75092"}],"wp:term":[{"taxonomy":"category","embeddable":true,"href":"https:\/\/www.europesays.com\/nl\/wp-json\/wp\/v2\/categories?post=75092"},{"taxonomy":"post_tag","embeddable":true,"href":"https:\/\/www.europesays.com\/nl\/wp-json\/wp\/v2\/tags?post=75092"}],"curies":[{"name":"wp","href":"https:\/\/api.w.org\/{rel}","templated":true}]}}