{"id":75349,"date":"2025-12-05T08:27:13","date_gmt":"2025-12-05T08:27:13","guid":{"rendered":"https:\/\/www.europesays.com\/nl\/75349\/"},"modified":"2025-12-05T08:27:13","modified_gmt":"2025-12-05T08:27:13","slug":"zelfs-guinness-book-of-records-boycot-israel-nu-maar-een-ding-krijgen-tegenstanders-niet-voor-elkaar-de-telegraaf","status":"publish","type":"post","link":"https:\/\/www.europesays.com\/nl\/75349\/","title":{"rendered":"Zelfs Guinness book of records boycot Isra\u00ebl nu, maar \u00e9\u00e9n ding krijgen tegenstanders niet voor elkaar &#8211; De Telegraaf"},"content":{"rendered":"<ol>\n<li><a href=\"https:\/\/news.google.com\/rss\/articles\/CBMi5gFBVV95cUxPXzN3NFlmRDV6Tk8zUnJYWXgxWll6ME1YU2hQUnpUeTJLR1dnNGhBUDRDVjV0ODFSWElVOWV1N3hpOEdHeXRFcjZSUnIyZ2otZURxUHFORnloM2lUalBCamJWaEFPZi0yMVZPLUQxM2wxeXE2SzdheXV2T2NwQ2p2NHZ6d3pqU2hKNS1SbWRBZ18yU3B1VG4yZHg4TUp4Wm5tQzBsMGxsUFpudjNMVmxuVGxUcXg1UU9UT1REczBFdmVjYTl2RDFINHpUSnZkZFk3QmZNOUM1VnE2azhGX1lPNHQwRjRmUQ?oc=5\" target=\"_blank\" rel=\"nofollow noopener\">Zelfs Guinness book of records boycot Isra\u00ebl nu, maar \u00e9\u00e9n ding krijgen tegenstanders niet voor elkaar<\/a>&nbsp;&nbsp;De Telegraaf<\/li>\n<li><a href=\"https:\/\/news.google.com\/rss\/articles\/CBMihAFBVV95cUxPWWdJODU4andYS2tMVzJ4aC1QTFBhellsSFdyZW4ycHg1VjRBY0lOcm0xOF8yQ08yT3dZM0lsZTJTaWdQNlQ5QXF1Rk81SWFLeHAzZ3dDVDAwVjlaZWstZ2pTLXNienF0MjhFb09MQmJFN1FzRkJLOHRLVVRBTi11bVdxUEs?oc=5\" target=\"_blank\" rel=\"nofollow noopener\">Guinness World Records sluit Isra\u00ebl uit van recordboek<\/a>&nbsp;&nbsp;Turkse Media<\/li>\n<li><a href=\"https:\/\/news.google.com\/rss\/articles\/CBMiugFBVV95cUxNcUZwSUxzUFJoTDl3NjVtUXJxQzR2S1VzX054WTluWUtERTVJZ0dZd3VYMkhwZFYwT0VlR3JqcVJmNXM2c2VXdERSQXFyLS1yVGlvcDRWMmtWcDZPRi0tZ1pmeDFDN0xkY3c2ODhTZHpBLWczX1NhSkhVYmc2dF9zNGNJNlJoWmZ5MTdCZ1BHd0xZSm40RkFMemRRdUtFS3Z0NVpRQ2NoMmIzSTlhcVpNNHRrSlBtMWNyc1E?oc=5\" target=\"_blank\" rel=\"nofollow noopener\">&#8216;Mogelijk toch schorsing: UEFA bespreekt mogelijke gevolgen voor Isra\u00ebl&#8217;<\/a>&nbsp;&nbsp;VoetbalNieuws.nl<\/li>\n<li><a href=\"https:\/\/news.google.com\/rss\/articles\/CBMiqgFBVV95cUxPRDF0M09Fc0ppUVVkeWxqU01pS0FnSTRTLUVrX20yLTVIMjVGWEtQQUZxZEpyc3Bsd2FSYWVjNGNiZ1FZaXduVkNzOTV2aFdObVdtR3BYbnZONG9nTXBvZXBPQm45cEdETW1mX1lBUXc1WjJPLVFKOFpIZE5jTzJCSEI4NGpvQi1GU3ppMTFVdVZtb3JfZ2FUckVYd2JJdi10RS13ZkFCamR3dw?oc=5\" target=\"_blank\" rel=\"nofollow noopener\">&#8216;UEFA bespreekt mogelijke schorsing Isra\u00ebl uit toernooien&#8217;<\/a>&nbsp;&nbsp;VoetbalPrimeur.be<\/li>\n<\/ol>\n","protected":false},"excerpt":{"rendered":"Zelfs Guinness book of records boycot Isra\u00ebl nu, maar \u00e9\u00e9n ding krijgen tegenstanders niet voor elkaar&nbsp;&nbsp;De Telegraaf Guinness&hellip;\n","protected":false},"author":2,"featured_media":22822,"comment_status":"","ping_status":"","sticky":false,"template":"","format":"standard","meta":{"footnotes":""},"categories":[21],"tags":[48,46,47,49,45,50,92,91],"class_list":{"0":"post-75349","1":"post","2":"type-post","3":"status-publish","4":"format-standard","5":"has-post-thumbnail","7":"category-sport","8":"tag-dutch","9":"tag-nederland","10":"tag-nederlanden","11":"tag-nederlands","12":"tag-netherlands","13":"tag-nl","14":"tag-sport","15":"tag-sports"},"share_on_mastodon":{"url":"https:\/\/pubeurope.com\/@nl\/115666016446817105","error":""},"_links":{"self":[{"href":"https:\/\/www.europesays.com\/nl\/wp-json\/wp\/v2\/posts\/75349","targetHints":{"allow":["GET"]}}],"collection":[{"href":"https:\/\/www.europesays.com\/nl\/wp-json\/wp\/v2\/posts"}],"about":[{"href":"https:\/\/www.europesays.com\/nl\/wp-json\/wp\/v2\/types\/post"}],"author":[{"embeddable":true,"href":"https:\/\/www.europesays.com\/nl\/wp-json\/wp\/v2\/users\/2"}],"replies":[{"embeddable":true,"href":"https:\/\/www.europesays.com\/nl\/wp-json\/wp\/v2\/comments?post=75349"}],"version-history":[{"count":0,"href":"https:\/\/www.europesays.com\/nl\/wp-json\/wp\/v2\/posts\/75349\/revisions"}],"wp:featuredmedia":[{"embeddable":true,"href":"https:\/\/www.europesays.com\/nl\/wp-json\/wp\/v2\/media\/22822"}],"wp:attachment":[{"href":"https:\/\/www.europesays.com\/nl\/wp-json\/wp\/v2\/media?parent=75349"}],"wp:term":[{"taxonomy":"category","embeddable":true,"href":"https:\/\/www.europesays.com\/nl\/wp-json\/wp\/v2\/categories?post=75349"},{"taxonomy":"post_tag","embeddable":true,"href":"https:\/\/www.europesays.com\/nl\/wp-json\/wp\/v2\/tags?post=75349"}],"curies":[{"name":"wp","href":"https:\/\/api.w.org\/{rel}","templated":true}]}}