{"id":75354,"date":"2025-12-05T08:30:17","date_gmt":"2025-12-05T08:30:17","guid":{"rendered":"https:\/\/www.europesays.com\/nl\/75354\/"},"modified":"2025-12-05T08:30:17","modified_gmt":"2025-12-05T08:30:17","slug":"israel-gaat-in-egypte-praten-over-terugkeer-laatste-gijzelaar-de-telegraaf","status":"publish","type":"post","link":"https:\/\/www.europesays.com\/nl\/75354\/","title":{"rendered":"Isra\u00ebl gaat in Egypte praten over terugkeer laatste gijzelaar &#8211; De Telegraaf"},"content":{"rendered":"<ol>\n<li><a href=\"https:\/\/news.google.com\/rss\/articles\/CBMisgFBVV95cUxNZEJkMzM0Nzc3ZFh0WVd0dFJtbHI2bk9XMWxBdHJ4ODdjZjcySW9CUEpxNHpiRWVYbDhBY18xMzJGaTdfRWxueDZvMGVxVUFud2ppaEhucGs5aHlvTEE2U0NrLUowZVQzazEyeVRkdWZuYXZHR0dHaTVWcnEzckM0eTVyb0F1b1J1d3NKQk14c1Z0bnphVC1nbk1BaVBOUHJ0ellhdXppYm5SWU9qNk9DaFlR?oc=5\" target=\"_blank\" rel=\"nofollow noopener\">Isra\u00ebl gaat in Egypte praten over terugkeer laatste gijzelaar<\/a>&nbsp;&nbsp;De Telegraaf<\/li>\n<li><a href=\"https:\/\/news.google.com\/rss\/articles\/CBMiwgFBVV95cUxPaXVUNnp6UEVGNTZHRmRjZG9qdzktbWNNNzRlS3RQQWlQeTA2eFVuTk5FRXNuX0pzMkZDTU1ReFBxc2NvVGdDN055SEFlX3llQTNLclY5a1ZwdVV0RFBybzVXZHA4YkNIVi1fSG9tWEZFRFVUQUtGWjZJRUNDamU3X0lReS1MSGhuT05pMnZmbWowcmc4VnNGT3RiT2RQZTAzOWxCRThhQnBBcHUydTZlWW5KSVlKZHJNbnpzN2pBMW5QUQ?oc=5\" target=\"_blank\" rel=\"nofollow noopener\">Lichaam Thaise gijzelaar ge\u00efdentificeerd, resten Isra\u00eblische agent nog in Gaza<\/a>&nbsp;&nbsp;NOS<\/li>\n<li><a href=\"https:\/\/news.google.com\/rss\/articles\/CBMirAFBVV95cUxNV19uajVTbHdTbUdOaDZ1UlZpbm9KRTlsT2JFNGNvbnZEeGNXOHFRY1JkTUxrSWRmY1VOOUdFamoydEp4ZUhMU0s3TXRYa3hmdTZFLUNuUks4V0ZBY3A3eUxEU0FnNnFyMXoyZHhJNzVvZVQzQWtZcGRkdUU4cW5lY1lCYTVtNUwzX3cxcTB5S0d6cWZ3SlpSQjN3UXNUY1VzcDU4OVEwa2gzT21E?oc=5\" target=\"_blank\" rel=\"nofollow noopener\">Hamas draagt een-na-laatste lichaam van gijzelaar over aan Isra\u00ebl<\/a>&nbsp;&nbsp;NRC<\/li>\n<li><a href=\"https:\/\/news.google.com\/rss\/articles\/CBMiuwFBVV95cUxPczNKUzlKNFRsLVdubk9JazFCYXRDLXRHel9YQkpRRjNBQlM3d2ZCaUFVR19QQlowdFRrbDBLeW4tcHpzdC1BdGJ2RWhzUHA1Vk9YelJfeEFrVTlCRXM0c1NBQlA1NFAzSG5GV2J1OGlMX1NXYUw5RnBmcWJoUmxDUFl1WFNQSXFfXzJEbUhYa1M0NTZnallMbFFKWERaZmlYUExJelZwUktRSTQ3a280aFBvUkozRHBfd2VB?oc=5\" target=\"_blank\" rel=\"nofollow noopener\">LIVE Midden-Oosten | Isra\u00ebl gaat in Egypte praten over terugkeer laatste gijzelaar<\/a>&nbsp;&nbsp;AD.nl<\/li>\n<li><a href=\"https:\/\/news.google.com\/rss\/articles\/CBMioAFBVV95cUxOVVphRjFRcmpXdGktV2pXNk1iZGxDRW00VldfUUlDLTFjakwtU3pVSGQteG5ORkJaeW1oZ1VwSGJ2akFJMDF3M0VDMGo4RGQ2U1VJVVFVWU1TXzh1VzVCNFpON0taNGZGVzdjTHBTaU5xanBSSkVuMmRxQjJMX2t5M1hJeTMtYkFsaXgxV3VHZkNFMkczbzI4a3pNRi1keGNS?oc=5\" target=\"_blank\" rel=\"nofollow noopener\">Isra\u00ebl identificeert lichaam van een-na-laatste gijzelaar in Gaza<\/a>&nbsp;&nbsp;Reformatorisch Dagblad<\/li>\n<\/ol>\n","protected":false},"excerpt":{"rendered":"Isra\u00ebl gaat in Egypte praten over terugkeer laatste gijzelaar&nbsp;&nbsp;De Telegraaf Lichaam Thaise gijzelaar ge\u00efdentificeerd, resten Isra\u00eblische agent nog&hellip;\n","protected":false},"author":2,"featured_media":75355,"comment_status":"","ping_status":"","sticky":false,"template":"","format":"standard","meta":{"footnotes":""},"categories":[15],"tags":[39,40,48,43,44,34,35,41,42,46,47,49,45,32,33,50,36,37,38,67,64,65,66],"class_list":{"0":"post-75354","1":"post","2":"type-post","3":"status-publish","4":"format-standard","5":"has-post-thumbnail","7":"category-wereld","8":"tag-breaking-news","9":"tag-breakingnews","10":"tag-dutch","11":"tag-featured-news","12":"tag-featurednews","13":"tag-headlines","14":"tag-hoofdpunten","15":"tag-latest-news","16":"tag-latestnews","17":"tag-nederland","18":"tag-nederlanden","19":"tag-nederlands","20":"tag-netherlands","21":"tag-news","22":"tag-nieuws","23":"tag-nl","24":"tag-top-stories","25":"tag-topstories","26":"tag-voorpaginanieuws","27":"tag-wereld","28":"tag-world","29":"tag-world-news","30":"tag-worldnews"},"share_on_mastodon":{"url":"https:\/\/pubeurope.com\/@nl\/115666028024995517","error":""},"_links":{"self":[{"href":"https:\/\/www.europesays.com\/nl\/wp-json\/wp\/v2\/posts\/75354","targetHints":{"allow":["GET"]}}],"collection":[{"href":"https:\/\/www.europesays.com\/nl\/wp-json\/wp\/v2\/posts"}],"about":[{"href":"https:\/\/www.europesays.com\/nl\/wp-json\/wp\/v2\/types\/post"}],"author":[{"embeddable":true,"href":"https:\/\/www.europesays.com\/nl\/wp-json\/wp\/v2\/users\/2"}],"replies":[{"embeddable":true,"href":"https:\/\/www.europesays.com\/nl\/wp-json\/wp\/v2\/comments?post=75354"}],"version-history":[{"count":0,"href":"https:\/\/www.europesays.com\/nl\/wp-json\/wp\/v2\/posts\/75354\/revisions"}],"wp:featuredmedia":[{"embeddable":true,"href":"https:\/\/www.europesays.com\/nl\/wp-json\/wp\/v2\/media\/75355"}],"wp:attachment":[{"href":"https:\/\/www.europesays.com\/nl\/wp-json\/wp\/v2\/media?parent=75354"}],"wp:term":[{"taxonomy":"category","embeddable":true,"href":"https:\/\/www.europesays.com\/nl\/wp-json\/wp\/v2\/categories?post=75354"},{"taxonomy":"post_tag","embeddable":true,"href":"https:\/\/www.europesays.com\/nl\/wp-json\/wp\/v2\/tags?post=75354"}],"curies":[{"name":"wp","href":"https:\/\/api.w.org\/{rel}","templated":true}]}}