{"id":76025,"date":"2025-12-05T20:09:09","date_gmt":"2025-12-05T20:09:09","guid":{"rendered":"https:\/\/www.europesays.com\/nl\/76025\/"},"modified":"2025-12-05T20:09:09","modified_gmt":"2025-12-05T20:09:09","slug":"voor-in-je-agenda-op-deze-dagen-speelt-nederlands-elftal-op-wk-2026","status":"publish","type":"post","link":"https:\/\/www.europesays.com\/nl\/76025\/","title":{"rendered":"Voor in je agenda: op deze dagen speelt Nederlands elftal op WK 2026"},"content":{"rendered":"<p>WK 2026: Nederlands elftal loot Japan, Tunesi\u00eb en winnaar van Europese play-off en speelt waarschijnlijk in deze steden<\/p>\n<p class=\"TeaserContent_teaser-content__introduction__aJrQA\">Het Nederlands elftal speelt komende zomer tegen Japan, Tunesi\u00eb en de winnaar van de Europese play-off (Oekra\u00efne, Polen, Zweden of Albani\u00eb) op het WK 2026. Dat werd bekend in het Kennedy Center in Washington, waar bondscoach Ronald Koeman en directeur topvoetbal Nigel de Jong van de KNVB aanwezig zijn.<\/p>\n","protected":false},"excerpt":{"rendered":"WK 2026: Nederlands elftal loot Japan, Tunesi\u00eb en winnaar van Europese play-off en speelt waarschijnlijk in deze steden&hellip;\n","protected":false},"author":2,"featured_media":76026,"comment_status":"","ping_status":"","sticky":false,"template":"","format":"standard","meta":{"footnotes":""},"categories":[21],"tags":[48,46,47,49,45,50,92,91],"class_list":{"0":"post-76025","1":"post","2":"type-post","3":"status-publish","4":"format-standard","5":"has-post-thumbnail","7":"category-sport","8":"tag-dutch","9":"tag-nederland","10":"tag-nederlanden","11":"tag-nederlands","12":"tag-netherlands","13":"tag-nl","14":"tag-sport","15":"tag-sports"},"share_on_mastodon":{"url":"https:\/\/pubeurope.com\/@nl\/115668776561323407","error":""},"_links":{"self":[{"href":"https:\/\/www.europesays.com\/nl\/wp-json\/wp\/v2\/posts\/76025","targetHints":{"allow":["GET"]}}],"collection":[{"href":"https:\/\/www.europesays.com\/nl\/wp-json\/wp\/v2\/posts"}],"about":[{"href":"https:\/\/www.europesays.com\/nl\/wp-json\/wp\/v2\/types\/post"}],"author":[{"embeddable":true,"href":"https:\/\/www.europesays.com\/nl\/wp-json\/wp\/v2\/users\/2"}],"replies":[{"embeddable":true,"href":"https:\/\/www.europesays.com\/nl\/wp-json\/wp\/v2\/comments?post=76025"}],"version-history":[{"count":0,"href":"https:\/\/www.europesays.com\/nl\/wp-json\/wp\/v2\/posts\/76025\/revisions"}],"wp:featuredmedia":[{"embeddable":true,"href":"https:\/\/www.europesays.com\/nl\/wp-json\/wp\/v2\/media\/76026"}],"wp:attachment":[{"href":"https:\/\/www.europesays.com\/nl\/wp-json\/wp\/v2\/media?parent=76025"}],"wp:term":[{"taxonomy":"category","embeddable":true,"href":"https:\/\/www.europesays.com\/nl\/wp-json\/wp\/v2\/categories?post=76025"},{"taxonomy":"post_tag","embeddable":true,"href":"https:\/\/www.europesays.com\/nl\/wp-json\/wp\/v2\/tags?post=76025"}],"curies":[{"name":"wp","href":"https:\/\/api.w.org\/{rel}","templated":true}]}}