{"id":76617,"date":"2025-12-06T14:05:36","date_gmt":"2025-12-06T14:05:36","guid":{"rendered":"https:\/\/www.europesays.com\/nl\/76617\/"},"modified":"2025-12-06T14:05:36","modified_gmt":"2025-12-06T14:05:36","slug":"twan-kuyper-reageert-via-instagram-op-expeditie-robinson-drama","status":"publish","type":"post","link":"https:\/\/www.europesays.com\/nl\/76617\/","title":{"rendered":"Twan Kuyper reageert via Instagram op Expeditie Robinson-drama"},"content":{"rendered":"<p>        <img decoding=\"async\" class=\"featured-image__image\" src=\"https:\/\/www.europesays.com\/nl\/wp-content\/uploads\/2025\/12\/https:\/\/www.nsmbl.nl\/wp-content\/uploads\/2025\/10\/twan-expeditie-robinson-afgevallen.png\"  width=\"375\" height=\"211\"  alt=\"twan expeditie robinson afgevallen\" loading=\"lazy\"\/><\/p>\n<p>                                Expeditie Robinson<\/p>\n<p>Wie Expeditie Robinson op de voet volgt, weet dat Twan Kuyper het spel op een smerige manier heeft moeten verlaten. Nordin Besling riep al een lange tijd dat er nog een wraakactie zou volgen \u2013 en gisteravond was het dan eindelijk zover. Niemand minder dan Twan reageert via een Instagram Story op alle heisa.<\/p>\n<p>Let op: dit artikel bevat spoilers over de nieuwste aflevering van Expeditie Robinson. <\/p>\n<p>Wraakacties in Expeditie Robinson<\/p>\n<p>Heb je een opfrisser nodig? We geven je een kleine recap, want een flink aantal afleveringen geleden werd Twan door zijn kampgenoten voorgelogen. Linda Wagenmakers deed alsof ze graag naar huis gestemd wilde worden. Alle kampleden zouden op haar stemmen \u2013 zo beloofde ook Kevin Hassing aan Twan.<\/p>\n<p>Kevin voerde een lang, diep en kwetsbaar gesprek met Twan, waarin hij zwoer Twan niet naar huis te sturen. Ook dat bleek \u2013 tot groot verdriet van Twan \u2013 in sc\u00e8ne gezet. Twan werd uiteindelijk weggestemd en dat zorgde bij hem voor behoorlijk wat wraakgevoelens.<\/p>\n<p>Reactie van Twan via Instagram<\/p>\n<p>Omdat Twan huiswaarts moest keren, kon hij geen wraakactie op Kevin uitvoeren. Zijn beste maatje Nordin nam daarom het heft in eigen handen \u2013 en gisteravond was het raak. Nordin kreeg het voor elkaar om Kevin op slinkse wijze weg te stemmen. <\/p>\n<p>Via Instagram Story laat Twan daarom van zich horen. Op zijn account deelt hij een foto van zichzelf, waarbij hij geschrokken zijn hand voor zijn mond houdt. \u201cPayback has served @nordinblessing\u201d, schrijft hij bij de foto. E\u00e9n ding is duidelijk: zelfs na zijn exit heeft Twan de wraakgevoelens tegenover Kevin nog st\u00e9\u00e9ds niet losgelaten. <\/p>\n<p><a href=\"https:\/\/www.nsmbl.nl\/wp-content\/uploads\/2025\/12\/Scherm%C2%ADafbeelding-2025-12-01-om-10.22.58.png\" rel=\"nofollow noopener\" target=\"_blank\"><img decoding=\"async\" loading=\"lazy\"   src=\"https:\/\/www.europesays.com\/nl\/wp-content\/uploads\/2025\/12\/https:\/\/www.nsmbl.nl\/wp-content\/uploads\/2025\/12\/Scherm\u00adafbeelding-2025-12-01-om-10.22.58.png\" alt=\"twan reactie nordin expeditie robinson\" width=\"600\" height=\"603\" class=\"wp-image-623639\"\/><\/a> @twankuypernl<\/p>\n<p>Meer over Expeditie Robinson 2025:<\/p>\n","protected":false},"excerpt":{"rendered":"Expeditie Robinson Wie Expeditie Robinson op de voet volgt, weet dat Twan Kuyper het spel op een smerige&hellip;\n","protected":false},"author":2,"featured_media":76618,"comment_status":"","ping_status":"","sticky":false,"template":"","format":"standard","meta":{"footnotes":""},"categories":[28],"tags":[99,48,98,412,46,47,49,45,50,124],"class_list":{"0":"post-76617","1":"post","2":"type-post","3":"status-publish","4":"format-standard","5":"has-post-thumbnail","7":"category-tv","8":"tag-amusement","9":"tag-dutch","10":"tag-entertainment","11":"tag-expeditie-robinson","12":"tag-nederland","13":"tag-nederlanden","14":"tag-nederlands","15":"tag-netherlands","16":"tag-nl","17":"tag-tv"},"share_on_mastodon":{"url":"https:\/\/pubeurope.com\/@nl\/115673007779327595","error":""},"_links":{"self":[{"href":"https:\/\/www.europesays.com\/nl\/wp-json\/wp\/v2\/posts\/76617","targetHints":{"allow":["GET"]}}],"collection":[{"href":"https:\/\/www.europesays.com\/nl\/wp-json\/wp\/v2\/posts"}],"about":[{"href":"https:\/\/www.europesays.com\/nl\/wp-json\/wp\/v2\/types\/post"}],"author":[{"embeddable":true,"href":"https:\/\/www.europesays.com\/nl\/wp-json\/wp\/v2\/users\/2"}],"replies":[{"embeddable":true,"href":"https:\/\/www.europesays.com\/nl\/wp-json\/wp\/v2\/comments?post=76617"}],"version-history":[{"count":0,"href":"https:\/\/www.europesays.com\/nl\/wp-json\/wp\/v2\/posts\/76617\/revisions"}],"wp:featuredmedia":[{"embeddable":true,"href":"https:\/\/www.europesays.com\/nl\/wp-json\/wp\/v2\/media\/76618"}],"wp:attachment":[{"href":"https:\/\/www.europesays.com\/nl\/wp-json\/wp\/v2\/media?parent=76617"}],"wp:term":[{"taxonomy":"category","embeddable":true,"href":"https:\/\/www.europesays.com\/nl\/wp-json\/wp\/v2\/categories?post=76617"},{"taxonomy":"post_tag","embeddable":true,"href":"https:\/\/www.europesays.com\/nl\/wp-json\/wp\/v2\/tags?post=76617"}],"curies":[{"name":"wp","href":"https:\/\/api.w.org\/{rel}","templated":true}]}}