{"id":76781,"date":"2025-12-06T17:59:13","date_gmt":"2025-12-06T17:59:13","guid":{"rendered":"https:\/\/www.europesays.com\/nl\/76781\/"},"modified":"2025-12-06T17:59:13","modified_gmt":"2025-12-06T17:59:13","slug":"psv-zet-zegereeks-voort-sterke-start-bij-heerenveen-volstaat-voor-drie-punten","status":"publish","type":"post","link":"https:\/\/www.europesays.com\/nl\/76781\/","title":{"rendered":"PSV zet zegereeks voort, sterke start bij Heerenveen volstaat voor drie punten"},"content":{"rendered":"<p><img alt=\"\" decoding=\"async\" loading=\"eager\" src=\"https:\/\/www.europesays.com\/nl\/wp-content\/uploads\/2025\/12\/1765043951_64_1024x576a.jpg\" class=\"sc-bcb3b750-1 cULYcE\"\/>Pro ShotsJoey Veerman viert de 0-1<\/p>\n<p>NOS Voetbal\u2022vandaag, 18:25<\/p>\n<p class=\"sc-2ea02837-0 fedhGB\" id=\"626116019050660\">PSV heeft voor de negende keer op rij gewonnen in de eredivisie. De koploper nam op bezoek bij sc Heerenveen vroeg afstand en hield de voorsprong vast tot het einde: 0-2.<\/p>\n<p class=\"sc-2ea02837-0 fedhGB\" id=\"559286015818947\">De marge van PSV met nummer twee Feyenoord liep op tot negen punten. De Rotterdammers ontvangen vanavond PEC Zwolle in De Kuip (21.00 uur).<\/p>\n<p><img alt=\"\" decoding=\"async\" loading=\"lazy\" src=\"https:\/\/www.europesays.com\/nl\/wp-content\/uploads\/2025\/12\/1765043952_951_1024x576a.jpg\" class=\"sc-bcb3b750-1 cULYcE\"\/>NOSStand eredivisie<\/p>\n<p class=\"sc-2ea02837-0 fedhGB\" id=\"241614938138552\">PSV moest het doen zonder de zieke Mauro J\u00fanior. Ook de geblesseerde Ivan Perisic ontbrak waardoor Ismael Saibari uitweek naar links en Ricardo Pepi evenals <a data-tracking=\"elementType=page|elementId=https:\/\/nos.nl\/artikel\/2592624-psv-wint-eenvoudig-van-volendam-pepi-luistert-basisplaats-op-met-goal-en-assist|eventType=navigation|eventName=open\" target=\"_self\" href=\"https:\/\/nos.nl\/artikel\/2592624-psv-wint-eenvoudig-van-volendam-pepi-luistert-basisplaats-op-met-goal-en-assist\" rel=\"nofollow noopener\">vorige week tegen FC Volendam<\/a> een kans kreeg in de spits, met Guus Til achter hem. Paul Wanner startte andermaal op het middenveld.<\/p>\n<p class=\"sc-2ea02837-0 fedhGB\" id=\"410552251602318\">De thuisploeg ging fel van start en kreeg na balverlies van Saibari een goede kans via Maxence Rivera. De linksbuiten van Heerenveen schoot echter recht op keeper Matej Kov\u00e1r. Na een zwakke eerste helft werd Rivera bij rust vervangen, evenals Marcus Linday.<\/p>\n<p>Veerman en Pepi scoren snel<\/p>\n<p class=\"sc-2ea02837-0 fedhGB\" id=\"496735359213505\">Doelman Bernt Klaverboer hielp PSV in de wedstrijd. Hij leverde de bal in bij PSV&#8217;er Dennis Man, de Roemeen kon doorlopen en Joey Veerman bedienen. Zo&#8217;n kans moet je Veerman dit seizoen niet geven. Hij schoot de 0-1 krachtig binnen in de 22ste minuut.<\/p>\n<p class=\"sc-2ea02837-0 fedhGB\" id=\"219157384839636\">Voor Veerman was het al zijn zevende doelpunt van het seizoen. Vorig seizoen was de Volendammer slechts \u00e9\u00e9n keer trefzeker in \u00e9\u00e9n seizoen. Hij evenaarde nu al zijn persoonlijke doelpuntenrecord in \u00e9\u00e9n eredivisieseizoen (2020\/2021 bij sc Heerenveen).<\/p>\n<p class=\"sc-2ea02837-0 fedhGB\" id=\"595748089120736\">Even later lag de bal opnieuw in het Friese net. Een fraaie aanval begon bij keeper Kov\u00e1r en via meerdere schijven kwam de bal uiteindelijk bij Pepi. De Amerikaan schoot met links in de 27ste minuut diagonaal binnen.<\/p>\n<p><img alt=\"\" decoding=\"async\" loading=\"lazy\" src=\"https:\/\/www.europesays.com\/nl\/wp-content\/uploads\/2025\/12\/1765043650_566_1024x576a.jpg\" class=\"sc-35032481-1 jENweF\"\/><\/p>\n<p>Pepi aan eind prachtige aanval van PSV die begint bij keeper Kov\u00e1r <\/p>\n<p class=\"sc-2ea02837-0 fedhGB\" id=\"351859876311826\">Na rust deed PSV rustiger aan en kon Heerenveen geen vuist maken. Het spel bleef zich voornamelijk afspelen op de helft van Heerenveen en de 0-3 hing meer in de lucht dan de 1-2.<\/p>\n<p>Blik op Atl\u00e9tico<\/p>\n<p class=\"sc-2ea02837-0 fedhGB\" id=\"848197481404243\">Pas in de slotfase werd Heerenveen wat gevaarlijker, vooral via invaller Eser G\u00fcrb\u00fcz. De 18-jarige aanvaller werd door Jerdy Schouten met een onbestrafte overtreding net buiten het strafschopgebied afgestopt en even later schoot de behendige G\u00fcrb\u00fcz net naast.<\/p>\n<p class=\"sc-2ea02837-0 fedhGB\" id=\"167701049435751\">Meer doelpunten bleven uit in het Abe Lenstra-stadion. PSV kon de krachten sparen en met drie punten terugreizen naar Eindhoven. De voorbereiding op het thuisduel van dinsdag met Atl\u00e9tico Madrid in de Champions League kan beginnen.<\/p>\n","protected":false},"excerpt":{"rendered":"Pro ShotsJoey Veerman viert de 0-1 NOS Voetbal\u2022vandaag, 18:25 PSV heeft voor de negende keer op rij gewonnen&hellip;\n","protected":false},"author":2,"featured_media":76782,"comment_status":"","ping_status":"","sticky":false,"template":"","format":"standard","meta":{"footnotes":""},"categories":[5],"tags":[39,40,48,165,43,44,34,35,41,42,46,47,49,45,32,33,50,170,1664,36,37,38],"class_list":{"0":"post-76781","1":"post","2":"type-post","3":"status-publish","4":"format-standard","5":"has-post-thumbnail","7":"category-hoofdpunten","8":"tag-breaking-news","9":"tag-breakingnews","10":"tag-dutch","11":"tag-eredivisie","12":"tag-featured-news","13":"tag-featurednews","14":"tag-headlines","15":"tag-hoofdpunten","16":"tag-latest-news","17":"tag-latestnews","18":"tag-nederland","19":"tag-nederlanden","20":"tag-nederlands","21":"tag-netherlands","22":"tag-news","23":"tag-nieuws","24":"tag-nl","25":"tag-psv","26":"tag-sc-heerenveen","27":"tag-top-stories","28":"tag-topstories","29":"tag-voorpaginanieuws"},"share_on_mastodon":{"url":"https:\/\/pubeurope.com\/@nl\/115673927980606443","error":""},"_links":{"self":[{"href":"https:\/\/www.europesays.com\/nl\/wp-json\/wp\/v2\/posts\/76781","targetHints":{"allow":["GET"]}}],"collection":[{"href":"https:\/\/www.europesays.com\/nl\/wp-json\/wp\/v2\/posts"}],"about":[{"href":"https:\/\/www.europesays.com\/nl\/wp-json\/wp\/v2\/types\/post"}],"author":[{"embeddable":true,"href":"https:\/\/www.europesays.com\/nl\/wp-json\/wp\/v2\/users\/2"}],"replies":[{"embeddable":true,"href":"https:\/\/www.europesays.com\/nl\/wp-json\/wp\/v2\/comments?post=76781"}],"version-history":[{"count":0,"href":"https:\/\/www.europesays.com\/nl\/wp-json\/wp\/v2\/posts\/76781\/revisions"}],"wp:featuredmedia":[{"embeddable":true,"href":"https:\/\/www.europesays.com\/nl\/wp-json\/wp\/v2\/media\/76782"}],"wp:attachment":[{"href":"https:\/\/www.europesays.com\/nl\/wp-json\/wp\/v2\/media?parent=76781"}],"wp:term":[{"taxonomy":"category","embeddable":true,"href":"https:\/\/www.europesays.com\/nl\/wp-json\/wp\/v2\/categories?post=76781"},{"taxonomy":"post_tag","embeddable":true,"href":"https:\/\/www.europesays.com\/nl\/wp-json\/wp\/v2\/tags?post=76781"}],"curies":[{"name":"wp","href":"https:\/\/api.w.org\/{rel}","templated":true}]}}