{"id":77284,"date":"2025-12-07T10:13:08","date_gmt":"2025-12-07T10:13:08","guid":{"rendered":"https:\/\/www.europesays.com\/nl\/77284\/"},"modified":"2025-12-07T10:13:08","modified_gmt":"2025-12-07T10:13:08","slug":"waarom-worden-mensen-zo-boos-van-biografieen","status":"publish","type":"post","link":"https:\/\/www.europesays.com\/nl\/77284\/","title":{"rendered":"waarom worden mensen zo boos van biografie\u00ebn?"},"content":{"rendered":"<p><img alt=\"\" decoding=\"async\" loading=\"eager\" src=\"https:\/\/www.europesays.com\/nl\/wp-content\/uploads\/2025\/12\/1765102388_341_1024x576a.jpg\" class=\"sc-bcb3b750-1 cULYcE\"\/>ANPJoost Zwagerman in 2008 tijdens de uitreiking van de Gouden Ganzenveer in het Amsterdamse Concertgebouw.<\/p>\n<p class=\"sc-2ea02837-0 fedhGB\" id=\"604551214346497\">De nieuwe biografie van Joost Zwagerman leidt tot opschudding in de literaire wereld en bij zijn nabestaanden. Biograaf Maria Vlaar zou een te negatief beeld schetsen van de in 2015 overleden schrijver. Het is niet voor het eerst dat een biografie leidt tot ophef.<\/p>\n<p class=\"sc-2ea02837-0 fedhGB\" id=\"559001902327145\">Schrijver Joost Nijsen &#8211; een goede bekende van de familie &#8211; is zo boos over het boek dat hij <a href=\"https:\/\/www.volkskrant.nl\/columns-opinie\/opinie-ik-en-met-mij-vele-anderen-hebben-een-andere-joost-gekend~b312a718\/\" data-tracking=\"elementType=external-link|elementId=https:\/\/www.volkskrant.nl\/columns-opinie\/opinie-ik-en-met-mij-vele-anderen-hebben-een-andere-joost-gekend~b312a718\/|eventType=navigation|eventName=open\" target=\"_blank\" rel=\"nofollow noopener\">een opiniestuk<\/a> schreef. Daarin zegt hij dat Zwagerman wordt neergezet als &#8220;een tot zelfmoord gedoemde, op zichzelf gerichte psychiatrische pati\u00ebnt die worstelde met zijn gestrande literaire loopbaan&#8221;. Ook zou Zwagerman ten onrechte worden omschreven als vrouwonvriendelijk en seksverslaafd.<\/p>\n<p class=\"sc-2ea02837-0 fedhGB\" id=\"931727645621953\">Nijsen is niet de enige met kritiek. Op de redactie van de Volkskrant kwamen meerdere ingezonden brieven binnen van lezers die Zwagerman kennen als een vrolijke man en vinden dat dat te weinig aan bod komt in het boek.<\/p>\n<blockquote data-testid=\"quote\" data-sentry-element=\"Wrapper\" data-sentry-component=\"Quote\" data-sentry-source-file=\"Quote.tsx\" class=\"sc-72c8a907-0 dDIjFt\">\n<p class=\"sc-2ea02837-0 fedhGB sc-72c8a907-3 dsedzD\">Zolang er biografie\u00ebn zijn, zijn mensen er boos over.<\/p>\n<p>Joost de Vries<\/p><\/blockquote>\n<p class=\"sc-2ea02837-0 fedhGB\" id=\"127671664312894\">Het is bepaald niet de eerste keer dat controverse ontstaat na publicatie van een biografie. Recent voorbeeld is Ischa Meijer. Over de in 1995 overleden journalist en schrijver verscheen twee jaar geleden een biografie, tot ongenoegen van zijn weduwe Connie Palmen. Zij sprak van een &#8220;Judasbiografie&#8221; die &#8220;boosaardig&#8221; is.<\/p>\n<p>&#8216;Heel begrijpelijk&#8217;<\/p>\n<p class=\"sc-2ea02837-0 fedhGB\" id=\"401382941408723\">&#8220;Dat was best wel lastig&#8221;, blikt Mai Spijkers terug. Zijn uitgeverij Prometheus publiceerde de biografie, maar was eerder \u00f3\u00f3k uitgever van Ischa Meijer en Connie Palmen. &#8220;Heel begrijpelijk dat ze het niet leuk vond. Maar ik zei ook tegen haar: Annet Mooij schrijft die biografie. Ik kan moeilijk zeggen dat ik het alleen uitgeef als je een ander beeld van hem krijgt.&#8221;<\/p>\n<p class=\"sc-2ea02837-0 fedhGB\" id=\"297412430778232\">De afgelopen jaren verschenen ook biografie\u00ebn van Micha\u00ebl Zeeman en Anil Ramdas. Binnenkort komt een boek uit over Menno Wigman. Allen schrijvers die op relatief jonge leeftijd zijn overleden. Het is volgens Volkskrant-literatuurjournalist Joost de Vries logisch dat die boeken leiden tot discussies en emoties.<\/p>\n<p class=\"sc-2ea02837-0 fedhGB\" id=\"271654180907755\">&#8220;Zolang er biografie\u00ebn zijn, zijn mensen er boos over. Je moet altijd beseffen dat wat in de handen van de \u00e9\u00e9n tot een bepaald verhaal leidt, in de handen van een ander een totaal ander verhaal kan worden.&#8221;<\/p>\n<p class=\"sc-2ea02837-0 fedhGB\" id=\"918761954926419\">Volgens De Vries maken de biografie\u00ebn extra veel los omdat de geportretteerden relatief kortgeleden zijn overleden. De herinneringen bij de nabestaanden zijn dan nog springlevend. &#8220;Die mensen moeten hun eigen persoonlijke ervaringen opeens rijmen met wat er op papier staat. Daar kan een enorm verschil in zitten.&#8221;<\/p>\n<p>Claus en Bolkestein<\/p>\n<p class=\"sc-2ea02837-0 fedhGB\" id=\"374966041680733\">Niet alleen biografie\u00ebn over schrijvers kunnen tot ophef leiden. Zo zet Uitgeverij Pluim zich schrap voor de publicatie volgend jaar van een boek over prins Claus. Over zijn priv\u00e9leven is relatief weinig bekend, en een boek schrijven over iemand van het koninklijk huis ligt al bij voorbaat gevoelig, zegt uitgever Mizzi van der Pluijm.<\/p>\n<p class=\"sc-2ea02837-0 fedhGB\" id=\"199586389228413\">&#8220;Wat ik nu van de auteurs weet, is dat ze heel veel dingen over hem gevonden hebben die wij als Nederlanders niet van hem wisten. Dus ik denk dat dat boek echt iets gaat toevoegen aan zijn beeld.&#8221;<\/p>\n<p class=\"sc-2ea02837-0 fedhGB\" id=\"46377230076409\">Ook uitgeverij Prometheus bereidt zich &#8211; na de kwestie-Ischa Meijer &#8211; voor op een nieuwe mediastorm. Volgend jaar komen zij met een biografie over de in februari overleden VVD-coryfee Frits Bolkestein. &#8220;Dat zal wel de nodige stof doen opwaaien&#8221;, zegt Spijkers, die toevoegt dat de auteur &#8220;diepgaand onderzoek&#8221; heeft gedaan naar Bolkesteins leven.<\/p>\n<p>Biograaf Zwagerman ging &#8220;weloverwogen&#8221; te werk<\/p>\n<p class=\"sc-2ea02837-0 fedhGB sc-7b5c2765-1 fybOMJ\">Het boek Zwaag &#8211; De zeven levens van Joost Zwagerman ligt sinds vorige maand in de winkels. Uitgeverij De Arbeiderspers zegt dat Maria Vlaar acht jaar aan de biografie heeft gewerkt en dat ze &#8220;weloverwogen te werk is gegaan&#8221;.<\/p>\n<p class=\"sc-2ea02837-0 fedhGB sc-7b5c2765-1 fybOMJ\">De uitgever zegt tegen Nieuwsuur dat het lijkt dat de kritiek niet zozeer is toegespitst op de biografie zelf, maar meer op het beeld dat ontstond nadat media aandacht besteedden aan het boek.<\/p>\n<p class=\"sc-2ea02837-0 fedhGB sc-7b5c2765-1 fybOMJ\">&#8220;Het boek zelf biedt ons inziens een rijk, complex en compleet beeld. We hopen dat men het gaat lezen.&#8221;<\/p>\n","protected":false},"excerpt":{"rendered":"ANPJoost Zwagerman in 2008 tijdens de uitreiking van de Gouden Ganzenveer in het Amsterdamse Concertgebouw. De nieuwe biografie&hellip;\n","protected":false},"author":2,"featured_media":77285,"comment_status":"","ping_status":"","sticky":false,"template":"","format":"standard","meta":{"footnotes":""},"categories":[25],"tags":[99,48,98,137,46,47,49,45,50],"class_list":{"0":"post-77284","1":"post","2":"type-post","3":"status-publish","4":"format-standard","5":"has-post-thumbnail","7":"category-amusement","8":"tag-amusement","9":"tag-dutch","10":"tag-entertainment","11":"tag-literatuur","12":"tag-nederland","13":"tag-nederlanden","14":"tag-nederlands","15":"tag-netherlands","16":"tag-nl"},"share_on_mastodon":{"url":"https:\/\/pubeurope.com\/@nl\/115677757766184664","error":""},"_links":{"self":[{"href":"https:\/\/www.europesays.com\/nl\/wp-json\/wp\/v2\/posts\/77284","targetHints":{"allow":["GET"]}}],"collection":[{"href":"https:\/\/www.europesays.com\/nl\/wp-json\/wp\/v2\/posts"}],"about":[{"href":"https:\/\/www.europesays.com\/nl\/wp-json\/wp\/v2\/types\/post"}],"author":[{"embeddable":true,"href":"https:\/\/www.europesays.com\/nl\/wp-json\/wp\/v2\/users\/2"}],"replies":[{"embeddable":true,"href":"https:\/\/www.europesays.com\/nl\/wp-json\/wp\/v2\/comments?post=77284"}],"version-history":[{"count":0,"href":"https:\/\/www.europesays.com\/nl\/wp-json\/wp\/v2\/posts\/77284\/revisions"}],"wp:featuredmedia":[{"embeddable":true,"href":"https:\/\/www.europesays.com\/nl\/wp-json\/wp\/v2\/media\/77285"}],"wp:attachment":[{"href":"https:\/\/www.europesays.com\/nl\/wp-json\/wp\/v2\/media?parent=77284"}],"wp:term":[{"taxonomy":"category","embeddable":true,"href":"https:\/\/www.europesays.com\/nl\/wp-json\/wp\/v2\/categories?post=77284"},{"taxonomy":"post_tag","embeddable":true,"href":"https:\/\/www.europesays.com\/nl\/wp-json\/wp\/v2\/tags?post=77284"}],"curies":[{"name":"wp","href":"https:\/\/api.w.org\/{rel}","templated":true}]}}