{"id":77420,"date":"2025-12-07T13:01:10","date_gmt":"2025-12-07T13:01:10","guid":{"rendered":"https:\/\/www.europesays.com\/nl\/77420\/"},"modified":"2025-12-07T13:01:10","modified_gmt":"2025-12-07T13:01:10","slug":"waarom-heet-delamar-theater-niet-joop-van-den-ende-theater","status":"publish","type":"post","link":"https:\/\/www.europesays.com\/nl\/77420\/","title":{"rendered":"Waarom heet DeLaMar Theater niet Joop van den Ende-theater?"},"content":{"rendered":"<p>John de Mol heeft zijn mediabedrijf min of meer naar zichzelf vernoemd \u2014 \u2019talpa\u2019 is latijn voor \u2018mol\u2019 \u2014 maar Joop van den Ende wil dat in zijn geval allemaal niet te ver doortrekken.<\/p>\n<p>        Door onze entertainmentredactie<\/p>\n<p>        <img fetchpriority=\"high\" decoding=\"async\" width=\"1280\" height=\"720\" src=\"https:\/\/www.europesays.com\/nl\/wp-content\/uploads\/2025\/12\/1207-Joop-van-den-Ende.jpg\" class=\"attachment-post-thumbnail size-post-thumbnail wp-post-image\" alt=\"Joop van den Ende\"  \/>        \u00a9 NPO    <\/p>\n<p>Tv- en musicalmiljardair Joop van den Ende heeft bewust besloten om het door hem gerenoveerde DeLaMar Theater in Amsterdam niet het Joop van den Ende-theater te noemen. Ondanks dat het bloed, zweet en tranen kostte. \u201cHet is niet zomaar tot stand gekomen. Het is in twee jaar tijd gebouwd, maar de voorbereidingen daarvoor kostten zes jaar.\u201d<\/p>\n<p>Bloed, zweet, tranen<\/p>\n<p>Joop vertelt in de <a href=\"https:\/\/weekbladparty.nl\/\" rel=\"nofollow noopener\" target=\"_blank\">Party<\/a> dat de renovatie echt voor onrust zorgde. \u201cAlle tegenwerkingen die je kunt hebben, hebben we gehad en uiteindelijk is het er gekomen. Vanaf de dag dat wij ermee begonnen zijn, zijn er al 4,5 miljoen mensen in het DeLaMar Theater geweest en die geven het theater een 9,6, 9,7 in waardering.\u201d<\/p>\n<p>Hij vervolgt: \u201cHet is natuurlijk heel fijn als je het publiek kan amuseren, het publiek kan ontroeren. Dat ze ontvangen worden in het DeLaMar Theater, waar ze welkom zijn. Dat er altijd picobello uitziet. Goed onderhoud, goed personeel, goede directie, dat is de doelstelling geweest van de VandenEnde Foundation.\u201d<\/p>\n<p>Na de oorlog<\/p>\n<p>Na de oorlog werd het theater opgericht door cabareti\u00e8re Fien de la Mar. Amsterdam benaderde Joop in 2005 met de vraag of hij het DeLaMar Theater nieuw leven in wilden blazen. \u201cToen de gemeente vroeg of ik het wilde gaan doen met de VandenEnde Foundation, samen met mijn vrouw en het bestuur, stond het DeLaMar Theater op instorten.\u201d<\/p>\n<p>\u201cHet was nooit echt een professioneel theater geweest. Het was een oude school die tot theater was verbouwd. Ik ben hartstikke trots op het verbouwde DeLaMar Theater. Dat ik dit heb bereikt en aan de stad heb mogen schenken waar ik geboren ben, als hele eenvoudige, arme jongen.\u201d<\/p>\n<p>Joop-theater<\/p>\n<p>Waarom koos Joop ervoor om het gerenoveerde theater het DeLaMar te noemen? \u201cDat is nooit de bedoeling geweest. Ik heb 29 theaters gehad. Nu heb ik er nog maar \u00e9\u00e9n. Niet \u00e9\u00e9n van alle theaters draagt mijn naam.\u201d<\/p>\n<p>Hij besluit: \u201cIn Amerika gebeurt het wel. En ook op andere plekken in de wereld, maar dat is niet iets Nederlands.\u201d<\/p>\n","protected":false},"excerpt":{"rendered":"John de Mol heeft zijn mediabedrijf min of meer naar zichzelf vernoemd \u2014 \u2019talpa\u2019 is latijn voor \u2018mol\u2019&hellip;\n","protected":false},"author":2,"featured_media":77421,"comment_status":"","ping_status":"","sticky":false,"template":"","format":"standard","meta":{"footnotes":""},"categories":[25],"tags":[99,48,98,4183,5822,46,47,49,45,50],"class_list":{"0":"post-77420","1":"post","2":"type-post","3":"status-publish","4":"format-standard","5":"has-post-thumbnail","7":"category-amusement","8":"tag-amusement","9":"tag-dutch","10":"tag-entertainment","11":"tag-john-de-mol","12":"tag-joop-van-den-ende","13":"tag-nederland","14":"tag-nederlanden","15":"tag-nederlands","16":"tag-netherlands","17":"tag-nl"},"share_on_mastodon":{"url":"https:\/\/pubeurope.com\/@nl\/115678418444154886","error":""},"_links":{"self":[{"href":"https:\/\/www.europesays.com\/nl\/wp-json\/wp\/v2\/posts\/77420","targetHints":{"allow":["GET"]}}],"collection":[{"href":"https:\/\/www.europesays.com\/nl\/wp-json\/wp\/v2\/posts"}],"about":[{"href":"https:\/\/www.europesays.com\/nl\/wp-json\/wp\/v2\/types\/post"}],"author":[{"embeddable":true,"href":"https:\/\/www.europesays.com\/nl\/wp-json\/wp\/v2\/users\/2"}],"replies":[{"embeddable":true,"href":"https:\/\/www.europesays.com\/nl\/wp-json\/wp\/v2\/comments?post=77420"}],"version-history":[{"count":0,"href":"https:\/\/www.europesays.com\/nl\/wp-json\/wp\/v2\/posts\/77420\/revisions"}],"wp:featuredmedia":[{"embeddable":true,"href":"https:\/\/www.europesays.com\/nl\/wp-json\/wp\/v2\/media\/77421"}],"wp:attachment":[{"href":"https:\/\/www.europesays.com\/nl\/wp-json\/wp\/v2\/media?parent=77420"}],"wp:term":[{"taxonomy":"category","embeddable":true,"href":"https:\/\/www.europesays.com\/nl\/wp-json\/wp\/v2\/categories?post=77420"},{"taxonomy":"post_tag","embeddable":true,"href":"https:\/\/www.europesays.com\/nl\/wp-json\/wp\/v2\/tags?post=77420"}],"curies":[{"name":"wp","href":"https:\/\/api.w.org\/{rel}","templated":true}]}}