{"id":77850,"date":"2025-12-07T22:00:32","date_gmt":"2025-12-07T22:00:32","guid":{"rendered":"https:\/\/www.europesays.com\/nl\/77850\/"},"modified":"2025-12-07T22:00:32","modified_gmt":"2025-12-07T22:00:32","slug":"slovenie-gaat-voor-meer-dan-40-miljoen-euro-aan-amerikaanse-wapens-kopen-voor-oekraine","status":"publish","type":"post","link":"https:\/\/www.europesays.com\/nl\/77850\/","title":{"rendered":"Sloveni\u00eb gaat voor meer dan 40 miljoen euro aan Amerikaanse wapens kopen voor Oekra\u00efne"},"content":{"rendered":"<p>                    <img decoding=\"async\" style=\"aspect-ratio:16\/9\" src=\"https:\/\/www.europesays.com\/nl\/wp-content\/uploads\/2025\/12\/GettyImages-2248738384.jpg\" width=\"100%\" loading=\"eager\"\/><\/p>\n<p>                            <a href=\"https:\/\/businessam.be\/author\/redactie\/\" class=\"author-thumbnail\" style=\"border: 2px inset #00000099;\" rel=\"nofollow noopener\" target=\"_blank\"><img loading=\"lazy\" decoding=\"async\" src=\"https:\/\/www.europesays.com\/nl\/wp-content\/uploads\/2025\/12\/1765144832_239_cropped-favicon-192x192.png\" width=\"80\" height=\"80\" alt=\"businessam.be\"\/><\/a>\ue05bdoor <a href=\"https:\/\/businessam.be\/author\/redactie\/\" rel=\"nofollow noopener\" target=\"_blank\">businessam.be<\/a><br \/>\ue010gepubliceerd op zaterdag 06 december 2025 om 18:00 \u2022 <br \/>\ue00c2 min lezen<\/p>\n<p>Key takeaways<\/p>\n<ul class=\"wp-block-list\">\n<li>Sloveni\u00eb zal tegen het einde van het jaar 43 miljoen euro bijdragen aan de aankoop van Amerikaanse wapens voor Oekra\u00efne.<\/li>\n<li>Met deze bijdrage voldoet Sloveni\u00eb aan zijn toezegging voor het PURL-initiatief (Ukraine Priority Requirements List) van de NAVO.<\/li>\n<li>Meer dan 21 landen hebben zich aangesloten bij het PURL-programma en hebben samen meer dan 4 miljard dollar (3,4 miljard euro) gedoneerd om de defensie van Oekra\u00efne te ondersteunen.<\/li>\n<\/ul>\n<p>Sloveni\u00eb heeft ongeveer 43 miljoen euro toegezegd voor de aankoop van Amerikaanse wapens voor <a href=\"https:\/\/businessam.be\/oekraine-voorziet-bijna-60-procent-van-uitgaven-voor-defensie-in-nieuwe-begroting\/\" target=\"_blank\" rel=\"noreferrer noopener nofollow\">de Oekra\u00efense defensiemacht tegen het einde van het jaar<\/a>. Die bijdrage maakt deel uit van het PURL-initiatief (Ukraine Priority Requirements List) van de NAVO. Sloveni\u00eb heeft zich in oktober officieel gecommitteerd aan het PURL-programma, maar specifieke details over zijn financi\u00eble deelname werden tot voor kort niet bekendgemaakt.<\/p>\n<p>Sloveense bijdrage welkom<\/p>\n<p>De Oekra\u00efense minister van Defensie Denys Shmyhal verwelkomde de beslissing van Sloveni\u00eb en benadrukte het belang van het versterken van de Oekra\u00efense luchtverdedigingscapaciteiten. Hij sprak zijn dank uit voor de inzet van Sloveni\u00eb en wees op de bereidheid om de expertise van Oekra\u00efne in het gebruik van onderscheppingsdrones, onbemande langeafstandsvliegtuigen en andere soorten UAV\u2019s met Sloveni\u00eb te delen.<\/p>\n<p>Het Oekra\u00efense ministerie van Buitenlandse Zaken onthulde dat 21 landen zich nu hebben aangesloten bij het PURL-initiatief, en samen meer dan 4 miljard dollar bijdragen aan de aankoop van Amerikaanse wapens om Oekra\u00efne te verdedigen tegen Russische agressie.<\/p>\n<p><a href=\"https:\/\/news.google.com\/publications\/CAow87yUCw?hl=nl&amp;gl=BE&amp;ceid=BE%3Anl\" target=\"_blank\" rel=\"nofollow noopener\">Volg Business AM ook op Google Nieuws<\/a><\/p>\n<p><a href=\"https:\/\/portal.businessam.be\/plans\/business-am-zomer-aanbieding\/\" target=\"_blank\" rel=\"nofollow noopener\">Wil je toegang tot alle artikelen, geniet tijdelijk van onze promo en abonneer je hier!<\/a><\/p>\n","protected":false},"excerpt":{"rendered":"\ue05bdoor businessam.be\ue010gepubliceerd op zaterdag 06 december 2025 om 18:00 \u2022 \ue00c2 min lezen Key takeaways Sloveni\u00eb zal tegen&hellip;\n","protected":false},"author":2,"featured_media":77851,"comment_status":"","ping_status":"","sticky":false,"template":"","format":"standard","meta":{"footnotes":""},"categories":[15],"tags":[39,40,48,43,44,34,35,41,42,46,47,49,45,32,33,50,321,4827,36,37,38,67,64,65,66],"class_list":{"0":"post-77850","1":"post","2":"type-post","3":"status-publish","4":"format-standard","5":"has-post-thumbnail","7":"category-wereld","8":"tag-breaking-news","9":"tag-breakingnews","10":"tag-dutch","11":"tag-featured-news","12":"tag-featurednews","13":"tag-headlines","14":"tag-hoofdpunten","15":"tag-latest-news","16":"tag-latestnews","17":"tag-nederland","18":"tag-nederlanden","19":"tag-nederlands","20":"tag-netherlands","21":"tag-news","22":"tag-nieuws","23":"tag-nl","24":"tag-oekraine","25":"tag-slovenie","26":"tag-top-stories","27":"tag-topstories","28":"tag-voorpaginanieuws","29":"tag-wereld","30":"tag-world","31":"tag-world-news","32":"tag-worldnews"},"share_on_mastodon":{"url":"https:\/\/pubeurope.com\/@nl\/115680537908003889","error":""},"_links":{"self":[{"href":"https:\/\/www.europesays.com\/nl\/wp-json\/wp\/v2\/posts\/77850","targetHints":{"allow":["GET"]}}],"collection":[{"href":"https:\/\/www.europesays.com\/nl\/wp-json\/wp\/v2\/posts"}],"about":[{"href":"https:\/\/www.europesays.com\/nl\/wp-json\/wp\/v2\/types\/post"}],"author":[{"embeddable":true,"href":"https:\/\/www.europesays.com\/nl\/wp-json\/wp\/v2\/users\/2"}],"replies":[{"embeddable":true,"href":"https:\/\/www.europesays.com\/nl\/wp-json\/wp\/v2\/comments?post=77850"}],"version-history":[{"count":0,"href":"https:\/\/www.europesays.com\/nl\/wp-json\/wp\/v2\/posts\/77850\/revisions"}],"wp:featuredmedia":[{"embeddable":true,"href":"https:\/\/www.europesays.com\/nl\/wp-json\/wp\/v2\/media\/77851"}],"wp:attachment":[{"href":"https:\/\/www.europesays.com\/nl\/wp-json\/wp\/v2\/media?parent=77850"}],"wp:term":[{"taxonomy":"category","embeddable":true,"href":"https:\/\/www.europesays.com\/nl\/wp-json\/wp\/v2\/categories?post=77850"},{"taxonomy":"post_tag","embeddable":true,"href":"https:\/\/www.europesays.com\/nl\/wp-json\/wp\/v2\/tags?post=77850"}],"curies":[{"name":"wp","href":"https:\/\/api.w.org\/{rel}","templated":true}]}}