{"id":78382,"date":"2025-12-08T13:07:09","date_gmt":"2025-12-08T13:07:09","guid":{"rendered":"https:\/\/www.europesays.com\/nl\/78382\/"},"modified":"2025-12-08T13:07:09","modified_gmt":"2025-12-08T13:07:09","slug":"jurre-geluk-nooit-meer-hand-in-hand-na-straatterreur-knkerhomo","status":"publish","type":"post","link":"https:\/\/www.europesays.com\/nl\/78382\/","title":{"rendered":"Jurre Geluk nooit meer hand in hand na straatterreur: \u2018K*nkerhomo!\u2019"},"content":{"rendered":"<p>BnnVara-gezicht Jurre Geluk houdt de hand van zijn vriend Dirk nooit meer vast in het openbaar sinds hij in Amsterdam het slachtoffer is geworden van straattereur. \u201cK*nkerhomo\u2019s!\u201d<\/p>\n<p>        Door onze entertainmentredactie<\/p>\n<p>        <img fetchpriority=\"high\" decoding=\"async\" width=\"1280\" height=\"720\" src=\"https:\/\/www.europesays.com\/nl\/wp-content\/uploads\/2025\/12\/1005-Jurre-Geluk.jpg\" class=\"attachment-post-thumbnail size-post-thumbnail wp-post-image\" alt=\"Jurre Geluk\"  \/>        \u00a9 Annemieke van der Togt    <\/p>\n<p>Jurre Geluk vertelt in een interview met de <a href=\"https:\/\/weekend-online.nl\/\" rel=\"nofollow noopener\" target=\"_blank\">Weekend<\/a> dat hij het erg moeilijk vindt om helemaal zichzelf te zijn in Nederland. Hij zit nu ongeveer op 40 procent, vertelt hij. Wat is ervoor nodig om dat percentage op te krikken? \u201cWat ik ervoor nodig heb: geen artikelen in de krant of online over queerpersonen die in elkaar geslagen worden.\u201d<\/p>\n<p>Hand in hand<\/p>\n<p>Zelf is Jurre daar ook erg bang voor. \u201cEen tijdje terug liep ik hand in hand met mijn vriend over straat, in m\u2019n eigen straat, en er kwam iemand op een scooter voorbij die riep: \u2018Kankerhomo\u2019s!\u2019 En ik liet gelijk de hand van m\u2019n vriend los. Ik hou n\u00f3\u00f3it zijn hand vast en ik deed het \u00e9\u00e9n keer\u2026 Dat maakt dat ik daarin niet mezelf durf te zijn.\u201d<\/p>\n<p>Hij vervolgt: \u201cMaar gelukkig zijn er ook veel plekken waar het wel kan, zoals op deze premi\u00e8re en in de media. Daar wordt het juist erg gevierd en dat is heel fijn. Alleen is het op straat heel naar. Heel anders.\u201d<\/p>\n<p>Nog nooit mezelf<\/p>\n<p>Jurre heeft zichzelf nooit helemaal vrij gevoeld. \u201cGrappig genoeg speelde ik dit spelletje laatst met een vriend: \u2018Hoeveel procent ben jij jezelf nu?\u2019 Toen zei ik dat ik maar voor 30 procent mezelf ben. Ik ben door grote onzekerheid van vroeger, van niet jezelf durven zijn omdat ik gay ben, met heel weinig procent begonnen.\u201d<\/p>\n<p>\u201cIk ben altijd erg bezig geweest met wat anderen van me vinden. Dat komt uit een soort onveilig gevoel. Ik vind het best zielig voor mezelf dat dat vroeger zo was. Maar ik merk dat ik ieder jaar steeds meer lak aan dingen begin te krijgen, steeds meer begin te vertrouwen op wie ik ben en dat ik leuk ben. Misschien zit ik nu dus op 40 procent.\u201d<\/p>\n","protected":false},"excerpt":{"rendered":"BnnVara-gezicht Jurre Geluk houdt de hand van zijn vriend Dirk nooit meer vast in het openbaar sinds hij&hellip;\n","protected":false},"author":2,"featured_media":78383,"comment_status":"","ping_status":"","sticky":false,"template":"","format":"standard","meta":{"footnotes":""},"categories":[25],"tags":[99,48,98,7232,46,47,49,45,50],"class_list":{"0":"post-78382","1":"post","2":"type-post","3":"status-publish","4":"format-standard","5":"has-post-thumbnail","7":"category-amusement","8":"tag-amusement","9":"tag-dutch","10":"tag-entertainment","11":"tag-jurre-geluk","12":"tag-nederland","13":"tag-nederlanden","14":"tag-nederlands","15":"tag-netherlands","16":"tag-nl"},"share_on_mastodon":{"url":"https:\/\/pubeurope.com\/@nl\/115684104389371883","error":""},"_links":{"self":[{"href":"https:\/\/www.europesays.com\/nl\/wp-json\/wp\/v2\/posts\/78382","targetHints":{"allow":["GET"]}}],"collection":[{"href":"https:\/\/www.europesays.com\/nl\/wp-json\/wp\/v2\/posts"}],"about":[{"href":"https:\/\/www.europesays.com\/nl\/wp-json\/wp\/v2\/types\/post"}],"author":[{"embeddable":true,"href":"https:\/\/www.europesays.com\/nl\/wp-json\/wp\/v2\/users\/2"}],"replies":[{"embeddable":true,"href":"https:\/\/www.europesays.com\/nl\/wp-json\/wp\/v2\/comments?post=78382"}],"version-history":[{"count":0,"href":"https:\/\/www.europesays.com\/nl\/wp-json\/wp\/v2\/posts\/78382\/revisions"}],"wp:featuredmedia":[{"embeddable":true,"href":"https:\/\/www.europesays.com\/nl\/wp-json\/wp\/v2\/media\/78383"}],"wp:attachment":[{"href":"https:\/\/www.europesays.com\/nl\/wp-json\/wp\/v2\/media?parent=78382"}],"wp:term":[{"taxonomy":"category","embeddable":true,"href":"https:\/\/www.europesays.com\/nl\/wp-json\/wp\/v2\/categories?post=78382"},{"taxonomy":"post_tag","embeddable":true,"href":"https:\/\/www.europesays.com\/nl\/wp-json\/wp\/v2\/tags?post=78382"}],"curies":[{"name":"wp","href":"https:\/\/api.w.org\/{rel}","templated":true}]}}