{"id":78457,"date":"2025-12-08T14:22:12","date_gmt":"2025-12-08T14:22:12","guid":{"rendered":"https:\/\/www.europesays.com\/nl\/78457\/"},"modified":"2025-12-08T14:22:12","modified_gmt":"2025-12-08T14:22:12","slug":"100-ontvoerde-kinderen-nigeria-terecht","status":"publish","type":"post","link":"https:\/\/www.europesays.com\/nl\/78457\/","title":{"rendered":"&#8216;100 ontvoerde kinderen Nigeria terecht&#8217;"},"content":{"rendered":"<p><img alt=\"\" decoding=\"async\" loading=\"eager\" src=\"https:\/\/www.europesays.com\/nl\/wp-content\/uploads\/2025\/12\/1765203732_932_1024x576a.jpg\" class=\"sc-bcb3b750-1 cULYcE\"\/>EPAVeel ontvoerde kinderen zijn nog spoorloos<\/p>\n<p>NOS Nieuws\u2022vandaag, 14:34<\/p>\n<p class=\"sc-2ea02837-0 fedhGB\" id=\"889661628117056\">In Nigeria zijn honderd ontvoerde schoolkinderen weer terecht. Volgens een christelijke organisatie zijn het leerlingen van de katholieke kostschool die eind vorige maand werden ontvoerd, schrijft persbureau Reuters.<\/p>\n<p class=\"sc-2ea02837-0 fedhGB\" id=\"351081801956553\">De kinderen &#8211; sommigen jonger dan 6 &#8211; zouden zijn gered door het Nigeriaanse leger. Details daarover ontbreken nog.<\/p>\n<p class=\"sc-2ea02837-0 fedhGB\" id=\"435228685520732\">Bij die <a data-tracking=\"elementType=page|elementId=https:\/\/nos.nl\/artikel\/2591442-aantal-kinderen-dat-werd-ontvoerd-van-kostschool-nigeria-loopt-op-tot-ruim-300|eventType=navigation|eventName=open\" target=\"_self\" href=\"https:\/\/nos.nl\/artikel\/2591442-aantal-kinderen-dat-werd-ontvoerd-van-kostschool-nigeria-loopt-op-tot-ruim-300\" rel=\"nofollow noopener\">ontvoering<\/a> werden meer dan 300 kinderen ontvoerd. Ook werden zeker twaalf docenten meegenomen door een groep gewapende mannen. Het gebeurde op de katholieke St. Mary&#8217;s-school in Papiri, een plaats in de deelstaat Niger in het westen van Nigeria. In de deelstaat zijn gewapende bandieten actief, die ontvoeringen zien als <a data-tracking=\"elementType=page|elementId=https:\/\/nos.nl\/artikel\/2513880-in-nigeria-is-kidnappen-een-snel-verdienmodel-het-is-een-industrie-geworden|eventType=navigation|eventName=open\" target=\"_self\" href=\"https:\/\/nos.nl\/artikel\/2513880-in-nigeria-is-kidnappen-een-snel-verdienmodel-het-is-een-industrie-geworden\" rel=\"nofollow noopener\">een snelle manier<\/a> om geld te verdienen.<\/p>\n<p>50 kinderen al eerder ontsnapt<\/p>\n<p class=\"sc-2ea02837-0 fedhGB\" id=\"589401996907627\">Kort na de ontvoering wisten zo&#8217;n vijftig kinderen te ontsnappen. Met de honderd die nu gered zouden zijn, zijn er ook nog steeds zo&#8217;n 150 niet vrij. Het is onbekend waar zij zich bevinden.<\/p>\n<p class=\"sc-2ea02837-0 fedhGB\" id=\"673959440360534\">Het was \u00e9\u00e9n van de grootste ontvoeringen ooit in het West-Afrikaanse land. De verantwoordelijkheid is nog niet opge\u00ebist.<\/p>\n","protected":false},"excerpt":{"rendered":"EPAVeel ontvoerde kinderen zijn nog spoorloos NOS Nieuws\u2022vandaag, 14:34 In Nigeria zijn honderd ontvoerde schoolkinderen weer terecht. Volgens&hellip;\n","protected":false},"author":2,"featured_media":78458,"comment_status":"","ping_status":"","sticky":false,"template":"","format":"standard","meta":{"footnotes":""},"categories":[15],"tags":[39,40,397,48,43,44,34,35,41,42,46,47,49,45,32,33,8008,50,36,37,38,67,64,65,66],"class_list":{"0":"post-78457","1":"post","2":"type-post","3":"status-publish","4":"format-standard","5":"has-post-thumbnail","7":"category-wereld","8":"tag-breaking-news","9":"tag-breakingnews","10":"tag-buitenland","11":"tag-dutch","12":"tag-featured-news","13":"tag-featurednews","14":"tag-headlines","15":"tag-hoofdpunten","16":"tag-latest-news","17":"tag-latestnews","18":"tag-nederland","19":"tag-nederlanden","20":"tag-nederlands","21":"tag-netherlands","22":"tag-news","23":"tag-nieuws","24":"tag-nigeria","25":"tag-nl","26":"tag-top-stories","27":"tag-topstories","28":"tag-voorpaginanieuws","29":"tag-wereld","30":"tag-world","31":"tag-world-news","32":"tag-worldnews"},"share_on_mastodon":{"url":"https:\/\/pubeurope.com\/@nl\/115684399323262881","error":""},"_links":{"self":[{"href":"https:\/\/www.europesays.com\/nl\/wp-json\/wp\/v2\/posts\/78457","targetHints":{"allow":["GET"]}}],"collection":[{"href":"https:\/\/www.europesays.com\/nl\/wp-json\/wp\/v2\/posts"}],"about":[{"href":"https:\/\/www.europesays.com\/nl\/wp-json\/wp\/v2\/types\/post"}],"author":[{"embeddable":true,"href":"https:\/\/www.europesays.com\/nl\/wp-json\/wp\/v2\/users\/2"}],"replies":[{"embeddable":true,"href":"https:\/\/www.europesays.com\/nl\/wp-json\/wp\/v2\/comments?post=78457"}],"version-history":[{"count":0,"href":"https:\/\/www.europesays.com\/nl\/wp-json\/wp\/v2\/posts\/78457\/revisions"}],"wp:featuredmedia":[{"embeddable":true,"href":"https:\/\/www.europesays.com\/nl\/wp-json\/wp\/v2\/media\/78458"}],"wp:attachment":[{"href":"https:\/\/www.europesays.com\/nl\/wp-json\/wp\/v2\/media?parent=78457"}],"wp:term":[{"taxonomy":"category","embeddable":true,"href":"https:\/\/www.europesays.com\/nl\/wp-json\/wp\/v2\/categories?post=78457"},{"taxonomy":"post_tag","embeddable":true,"href":"https:\/\/www.europesays.com\/nl\/wp-json\/wp\/v2\/tags?post=78457"}],"curies":[{"name":"wp","href":"https:\/\/api.w.org\/{rel}","templated":true}]}}