{"id":79215,"date":"2025-12-09T10:00:16","date_gmt":"2025-12-09T10:00:16","guid":{"rendered":"https:\/\/www.europesays.com\/nl\/79215\/"},"modified":"2025-12-09T10:00:16","modified_gmt":"2025-12-09T10:00:16","slug":"strijd-om-rayane-bounida-gaat-losbarsten","status":"publish","type":"post","link":"https:\/\/www.europesays.com\/nl\/79215\/","title":{"rendered":"&#8216;Strijd om Rayane Bounida gaat losbarsten&#8217;"},"content":{"rendered":"<p>                                            <img decoding=\"async\" class=\"\" width=\"1560\" height=\"920\" fetchpriority=\"high\" alt=\"Ajax-speler Rayane Bounida\" src=\"https:\/\/www.europesays.com\/nl\/wp-content\/uploads\/2025\/12\/1765274416_681_q=90,g=auto,fit=contain,compression=fast,w=1560,h=920.jpeg\"\/><br \/>\n                                                                                                                                Foto: \u00a9 Imago <\/p>\n<p>                            &#8221; href=&#8221;https:\/\/www.fcupdate.nl\/voetballers\/rayane-bounida&#8221;&gt;Rayane\u00a0Bounida zo snel mogelijk debuteert in de nationale ploeg van <a href=\"https:\/\/www.fcupdate.nl\/voetbalteams\/internationaal\/belgie\" rel=\"nofollow noopener\" target=\"_blank\">Belgi\u00eb<\/a>. De voormalig voetbalster vreest dat Bounida anders voor Marokko kan kiezen.<\/p>\n<p>Bounida speelde interlands voor diverse jeugdploegen van Belgi\u00eb; vorige maand kwam hij nog uit voor Belgi\u00eb Onder 21. De frivole buitenspeler annex aanvallende middenvelder groeide op in Belgi\u00eb, maar heeft Marokkaanse roots. Courtois, zelf voormalig international van de Belgische vrouwenploeg, hoopt dat Bounida niet voor Marokko gaat kiezen.<\/p>\n<p>            Artikel gaat verder onder video<\/p>\n<p>\u201cWat creativiteit en genialiteit betreft: d\u00e1\u00e1rvoor ga je naar een wedstrijd, om zo\u2019n jongen te zien voetballen\u201d, zegt Courtois maandagavond bij Rondo. \u201cIk had hem allang een cap gegeven, puur om hem vast te leggen. Hij kan immers nog kiezen voor Marokko, als ik me niet vergis. In dat opzicht zou ik hem zo snel mogelijk binden.\u201d<\/p>\n<p>Volgens Youri Mulder zit de negentienjarige Bounida \u2018nog lang niet\u2019 op het niveau van de Belgische ploeg. \u201cDat klopt. Alleen wil je hem w\u00e9l zo snel mogelijk vastleggen. Ik ben er bovendien van overtuigd dat Marokko \u00f3\u00f3k heel snel werk van hem gaat maken. Daar ben ik echt zeker van.\u201d<\/p>\n<p>Wat vindt Courtois er eigenlijk van dat talentvolle Belgische spelers zoals Bounida vaak naar Nederland trekken? \u201cIk begrijp dat ergens wel, Belgi\u00eb voelt vaak toch een beetje als een springplank. En ik snap ook dat spelers als Bounida dromen van clubs als Ajax. Zeker Ajax in betere tijden, maar qua speelstijl past dat nog steeds prima.\u201d<\/p>\n","protected":false},"excerpt":{"rendered":"Foto: \u00a9 Imago &#8221; href=&#8221;https:\/\/www.fcupdate.nl\/voetballers\/rayane-bounida&#8221;&gt;Rayane\u00a0Bounida zo snel mogelijk debuteert in de nationale ploeg van Belgi\u00eb. De voormalig voetbalster&hellip;\n","protected":false},"author":2,"featured_media":79216,"comment_status":"","ping_status":"","sticky":false,"template":"","format":"standard","meta":{"footnotes":""},"categories":[21],"tags":[166,424,48,17871,17872,235,294,46,47,49,45,50,15268,92,91,1117,167,234],"class_list":{"0":"post-79215","1":"post","2":"type-post","3":"status-publish","4":"format-standard","5":"has-post-thumbnail","7":"category-sport","8":"tag-ajax","9":"tag-belgie","10":"tag-dutch","11":"tag-imke-courtois","12":"tag-jeugdploegen","13":"tag-laatste-voetbalnieuws","14":"tag-marokko","15":"tag-nederland","16":"tag-nederlanden","17":"tag-nederlands","18":"tag-netherlands","19":"tag-nl","20":"tag-rayane-bounida","21":"tag-sport","22":"tag-sports","23":"tag-talent","24":"tag-voetbal","25":"tag-voetbalnieuws"},"share_on_mastodon":{"url":"https:\/\/pubeurope.com\/@nl\/115689031667043889","error":""},"_links":{"self":[{"href":"https:\/\/www.europesays.com\/nl\/wp-json\/wp\/v2\/posts\/79215","targetHints":{"allow":["GET"]}}],"collection":[{"href":"https:\/\/www.europesays.com\/nl\/wp-json\/wp\/v2\/posts"}],"about":[{"href":"https:\/\/www.europesays.com\/nl\/wp-json\/wp\/v2\/types\/post"}],"author":[{"embeddable":true,"href":"https:\/\/www.europesays.com\/nl\/wp-json\/wp\/v2\/users\/2"}],"replies":[{"embeddable":true,"href":"https:\/\/www.europesays.com\/nl\/wp-json\/wp\/v2\/comments?post=79215"}],"version-history":[{"count":0,"href":"https:\/\/www.europesays.com\/nl\/wp-json\/wp\/v2\/posts\/79215\/revisions"}],"wp:featuredmedia":[{"embeddable":true,"href":"https:\/\/www.europesays.com\/nl\/wp-json\/wp\/v2\/media\/79216"}],"wp:attachment":[{"href":"https:\/\/www.europesays.com\/nl\/wp-json\/wp\/v2\/media?parent=79215"}],"wp:term":[{"taxonomy":"category","embeddable":true,"href":"https:\/\/www.europesays.com\/nl\/wp-json\/wp\/v2\/categories?post=79215"},{"taxonomy":"post_tag","embeddable":true,"href":"https:\/\/www.europesays.com\/nl\/wp-json\/wp\/v2\/tags?post=79215"}],"curies":[{"name":"wp","href":"https:\/\/api.w.org\/{rel}","templated":true}]}}