{"id":79483,"date":"2025-12-09T14:18:21","date_gmt":"2025-12-09T14:18:21","guid":{"rendered":"https:\/\/www.europesays.com\/nl\/79483\/"},"modified":"2025-12-09T14:18:21","modified_gmt":"2025-12-09T14:18:21","slug":"verkeerschaos-in-utrecht-bij-viering-val-assad-politie-grijpt-in-op-stationsplein","status":"publish","type":"post","link":"https:\/\/www.europesays.com\/nl\/79483\/","title":{"rendered":"Verkeerschaos in Utrecht bij viering val Assad, politie grijpt in op Stationsplein"},"content":{"rendered":"<p>Utrecht &#8211; In Utrecht zijn zondagmiddag groepen Syri\u00ebrs de straat op gegaan om de val van het regime van dictator Bashar al-Assad te vieren, dat gebeurde \u00e9\u00e9n jaar geleden. Op meerdere plekken in de stad reden auto\u2019s in stoeten rond, waarbij bestuurders toeterden en inzittenden met Syrische vlaggen zwaaiden. Op het Stationsplein werden demonstranten door de politie opgedragen te vertrekken.<\/p>\n","protected":false},"excerpt":{"rendered":"Utrecht &#8211; In Utrecht zijn zondagmiddag groepen Syri\u00ebrs de straat op gegaan om de val van het regime&hellip;\n","protected":false},"author":2,"featured_media":79484,"comment_status":"","ping_status":"","sticky":false,"template":"","format":"standard","meta":{"footnotes":""},"categories":[5],"tags":[39,40,152,48,43,44,34,35,41,42,1369,46,47,49,45,32,33,50,36,37,312,38],"class_list":{"0":"post-79483","1":"post","2":"type-post","3":"status-publish","4":"format-standard","5":"has-post-thumbnail","7":"category-hoofdpunten","8":"tag-breaking-news","9":"tag-breakingnews","10":"tag-cultuur","11":"tag-dutch","12":"tag-featured-news","13":"tag-featurednews","14":"tag-headlines","15":"tag-hoofdpunten","16":"tag-latest-news","17":"tag-latestnews","18":"tag-nb-hou-me-op-de-hoogte","19":"tag-nederland","20":"tag-nederlanden","21":"tag-nederlands","22":"tag-netherlands","23":"tag-news","24":"tag-nieuws","25":"tag-nl","26":"tag-top-stories","27":"tag-topstories","28":"tag-utrecht","29":"tag-voorpaginanieuws"},"share_on_mastodon":{"url":"https:\/\/pubeurope.com\/@nl\/115690045698206577","error":""},"_links":{"self":[{"href":"https:\/\/www.europesays.com\/nl\/wp-json\/wp\/v2\/posts\/79483","targetHints":{"allow":["GET"]}}],"collection":[{"href":"https:\/\/www.europesays.com\/nl\/wp-json\/wp\/v2\/posts"}],"about":[{"href":"https:\/\/www.europesays.com\/nl\/wp-json\/wp\/v2\/types\/post"}],"author":[{"embeddable":true,"href":"https:\/\/www.europesays.com\/nl\/wp-json\/wp\/v2\/users\/2"}],"replies":[{"embeddable":true,"href":"https:\/\/www.europesays.com\/nl\/wp-json\/wp\/v2\/comments?post=79483"}],"version-history":[{"count":0,"href":"https:\/\/www.europesays.com\/nl\/wp-json\/wp\/v2\/posts\/79483\/revisions"}],"wp:featuredmedia":[{"embeddable":true,"href":"https:\/\/www.europesays.com\/nl\/wp-json\/wp\/v2\/media\/79484"}],"wp:attachment":[{"href":"https:\/\/www.europesays.com\/nl\/wp-json\/wp\/v2\/media?parent=79483"}],"wp:term":[{"taxonomy":"category","embeddable":true,"href":"https:\/\/www.europesays.com\/nl\/wp-json\/wp\/v2\/categories?post=79483"},{"taxonomy":"post_tag","embeddable":true,"href":"https:\/\/www.europesays.com\/nl\/wp-json\/wp\/v2\/tags?post=79483"}],"curies":[{"name":"wp","href":"https:\/\/api.w.org\/{rel}","templated":true}]}}