{"id":79777,"date":"2025-12-09T19:25:21","date_gmt":"2025-12-09T19:25:21","guid":{"rendered":"https:\/\/www.europesays.com\/nl\/79777\/"},"modified":"2025-12-09T19:25:21","modified_gmt":"2025-12-09T19:25:21","slug":"weersverandering-spanje-helft-nat-helft-droog-vanaf-dinsdag","status":"publish","type":"post","link":"https:\/\/www.europesays.com\/nl\/79777\/","title":{"rendered":"Weersverandering Spanje: helft nat, helft droog vanaf dinsdag"},"content":{"rendered":"<p>180<\/p>\n<p>Vanaf dinsdag verandert het weerbeeld in Spanje ingrijpend. Terwijl stevige regenfronten vanuit de Atlantische Oceaan neerslag brengen in het westen, blijft het oosten opvallend droog en zacht. Volgens meteorologen ontstaat er een duidelijke tweedeling: nat in regio\u2019s als Galici\u00eb en Extremadura, zonnig in bijvoorbeeld Valencia en de Canarische Eilanden.<\/p>\n<p>Volgens meteorologen van Meteored gaat de zogenoemde Noord-Atlantische Oscilatie, met een sterk vari\u00ebrende luchtdruk op zeeniveau in het noorden van de Atlantische Oceaan, een positieve fase in. Daardoor komen lagedrukgebieden vooral via het noordwesten van Spanje binnen, terwijl elders hogedrukgebieden blijven overheersen. Veel neerslag in Galici\u00eb, Extremadura en het westen van Castilla y Le\u00f3n zal daarvan het gevolg zijn.<\/p>\n<p>Op basis van modellen verwachten meteorologen lokaal tot 30 liter regen per vierkante meter meer dan normaal. Het eerste front bereikt Spanje in de loop van dinsdag en dit zal zich verder naar onder andere Andalusi\u00eb en Madrid verspreiden.<\/p>\n<p>Andere helft van Spanje blijft droog<\/p>\n<p>Het weerbeeld in het oosten en zuiden van Spanje komt in schril contrast te staan met het westen met bijzonder droog en stabiel weer. Vooral aan de Middellandse Zeekust, in de Pyrenee\u00ebn en de Canarische Eilanden zorgt de invloed van het hogedrukgebied voor zonnig en zacht weer, met temperaturen die aan de hoge kant zijn voor december.<\/p>\n<p>Tweede regengolf op komst<\/p>\n<p>Later in de week, waarschijnlijk op vrijdag, wordt opnieuw een regenfront verwacht. Weerdeskundigen schatten in dat dit een vergelijkbaar patroon zal volgen als het eerste met stevige buien in het westen van Spanje. Vooral Galici\u00eb, Castilla y Le\u00f3n, Extremadura, Andalusi\u00eb en mogelijk Madrid krijgen hiermee te maken. Naarmate het front naar het oosten trekt, neemt de intensiteit van de buien sterk af.<\/p>\n<p>De Spaanse meteorologische dienst AEMET bevestigt dat deze neerslag sterk en aanhoudend kan zijn in de westelijke regio\u2019s. Toch blijven de temperaturen overal in Spanje relatief mild en zal sneeuwval, als die al voorkomt, beperkt blijven tot hoge berggebieden.<\/p>\n","protected":false},"excerpt":{"rendered":"180 Vanaf dinsdag verandert het weerbeeld in Spanje ingrijpend. Terwijl stevige regenfronten vanuit de Atlantische Oceaan neerslag brengen&hellip;\n","protected":false},"author":2,"featured_media":79778,"comment_status":"","ping_status":"","sticky":false,"template":"","format":"standard","meta":{"footnotes":""},"categories":[15],"tags":[3046,39,40,48,43,44,34,35,41,42,46,47,49,45,32,33,50,3166,36,37,38,67,64,65,66],"class_list":{"0":"post-79777","1":"post","2":"type-post","3":"status-publish","4":"format-standard","5":"has-post-thumbnail","7":"category-wereld","8":"tag-aemet","9":"tag-breaking-news","10":"tag-breakingnews","11":"tag-dutch","12":"tag-featured-news","13":"tag-featurednews","14":"tag-headlines","15":"tag-hoofdpunten","16":"tag-latest-news","17":"tag-latestnews","18":"tag-nederland","19":"tag-nederlanden","20":"tag-nederlands","21":"tag-netherlands","22":"tag-news","23":"tag-nieuws","24":"tag-nl","25":"tag-regen","26":"tag-top-stories","27":"tag-topstories","28":"tag-voorpaginanieuws","29":"tag-wereld","30":"tag-world","31":"tag-world-news","32":"tag-worldnews"},"share_on_mastodon":{"url":"https:\/\/pubeurope.com\/@nl\/115691252868930392","error":""},"_links":{"self":[{"href":"https:\/\/www.europesays.com\/nl\/wp-json\/wp\/v2\/posts\/79777","targetHints":{"allow":["GET"]}}],"collection":[{"href":"https:\/\/www.europesays.com\/nl\/wp-json\/wp\/v2\/posts"}],"about":[{"href":"https:\/\/www.europesays.com\/nl\/wp-json\/wp\/v2\/types\/post"}],"author":[{"embeddable":true,"href":"https:\/\/www.europesays.com\/nl\/wp-json\/wp\/v2\/users\/2"}],"replies":[{"embeddable":true,"href":"https:\/\/www.europesays.com\/nl\/wp-json\/wp\/v2\/comments?post=79777"}],"version-history":[{"count":0,"href":"https:\/\/www.europesays.com\/nl\/wp-json\/wp\/v2\/posts\/79777\/revisions"}],"wp:featuredmedia":[{"embeddable":true,"href":"https:\/\/www.europesays.com\/nl\/wp-json\/wp\/v2\/media\/79778"}],"wp:attachment":[{"href":"https:\/\/www.europesays.com\/nl\/wp-json\/wp\/v2\/media?parent=79777"}],"wp:term":[{"taxonomy":"category","embeddable":true,"href":"https:\/\/www.europesays.com\/nl\/wp-json\/wp\/v2\/categories?post=79777"},{"taxonomy":"post_tag","embeddable":true,"href":"https:\/\/www.europesays.com\/nl\/wp-json\/wp\/v2\/tags?post=79777"}],"curies":[{"name":"wp","href":"https:\/\/api.w.org\/{rel}","templated":true}]}}