{"id":81414,"date":"2025-12-11T15:35:30","date_gmt":"2025-12-11T15:35:30","guid":{"rendered":"https:\/\/www.europesays.com\/nl\/81414\/"},"modified":"2025-12-11T15:35:30","modified_gmt":"2025-12-11T15:35:30","slug":"nec-op-bezoek-bij-amalia-kinderziekenhuis-dit-is-prachtig","status":"publish","type":"post","link":"https:\/\/www.europesays.com\/nl\/81414\/","title":{"rendered":"NEC op bezoek bij Amalia Kinderziekenhuis: &#8220;Dit is prachtig&#8221;"},"content":{"rendered":"<p>Woensdag stond voor de kinderen in het Radboud UMC met rood omcirkeld op de kalender: de selectie van NEC kwam langs. Het was een prachtige dag voor de kinderen, maar ook voor de spelers was het een mooie middag. Er werden zelfs nog bijzondere ontdekkingen gedaan. \u201cDat hij in Arnhem geboren is had ik niet verwacht. Daar zal hij nog een hoop opmerkingen over krijgen.\u201d<\/p>\n<p>De ruimte die normaal gesproken vervelende herinneringen oproept, is omgetoverd tot een gezellige, sfeervolle ruimte. Vlaggen, banners en NEC shirtjes hangen en staan er in overvloed. In het midden van de ruimte is een voetbalveldje opgesteld. Een tiental kinderen speelt de zenuwen van zich af. Hoe dichterbij de klok op 13:00 uur komt, hoe stiller de kinderen worden, wachtend op hun helden. Algemeen directeur Wilco van Schaik vertelt al een beetje over hoe zijn selectie hiernaartoe leeft. \u201cDe spelers kijken uit naar zo\u2019n dag. Dit vinden zij ook mooi. Wanneer we spelers binnenhalen, kijken we ook altijd naar het karakter. Dit team is ontzettend leuk en deze jongens hebben er allemaal veel plezier in om dit te doen.\u201d<\/p>\n<p>In de ruimte ernaast verzamelen de spelers. De kinderen hebben het door en zijn muisstil aan het wachten. Presentator Van Schaik geeft de kinderen nog wat tips mee voorafgaand aan het persmoment waarbij zij de vragen mogen stellen. \u201cZij vinden het allemaal ook super spannend\u201d, zegt Van Schaik over de spelers. \u2018Weer trekken wij ten strijde\u2019 klinkt luid door de speakers en de spelers komen binnenlopen. Stuk voor stuk zoeken ze een plekje tussen de kinderen. Ba\u015far \u00d6nal had een glimlach op zijn gezicht. \u201cHet is prachtig dat NEC dit ieder jaar doet. Ik keek er heel erg naar uit. Toen we aan kwamen lopen, zag je ze allemaal meteen lachen. Je ziet hoe leuk dit voor hen is.\u201d<\/p>\n<p>Persconferentie<\/p>\n<p>Vijf spelers en trainer Dick Schreuder ontbreken nog. Zij mogen plaatsnemen achter de microfoon. Van Schaik kondigt ze \u00e9\u00e9n voor \u00e9\u00e9n aan, ieder met een knipoog. \u201cHij heeft maar een paar wedstrijdjes gespeeld en hij is vaker in de stad te vinden. Een groot applaus voor Youssef El Kachati!\u201d De kinderen lachen door de opmerkingen van Van Schaik. Het is tijd voor de vragen van de kinderen, tientallen handjes gaan omhoog. De eerste vraag is voor Dirk Proper. Een meisje stelt hem verlegen een vraag. \u201cHeb je verkering?\u201d Voordat Proper kan antwoorden betrekt Van Schaik de zaal erbij. \u201cHanden omhoog als je verkering zou willen met Proper!\u201d Een aantal vrouwen en meisjes steekt hun hand op, maar ook Philippe Sandler twijfelt niet en houdt zijn hand hoog in de lucht.<\/p>\n<p>De persconferentie gaat door, vraag na vraag wordt beantwoord door de spelers en coach van NEC. Thomas Ouwejan viel er \u00e9\u00e9n ding het meeste op. \u201cIk was verbaasd over Dirk Proper. Dat hij in Arnhem geboren is had ik niet verwacht. Daar zal hij nog een hoop opmerkingen over krijgen.\u201d Wat voor anderen ook opviel was het zangtalent van Sami Ouaissa en \u00d6nal. \u201cSami Ouaissa zei dat ik de tekst van het nummer kende, dat was helemaal niet zo. Alsnog was het leuk om te doen voor die kinderen.\u201d Samen zongen ze het liedje \u2018Jouw idee\u2019 van Roxy Dekker. Schreuder en Tjarron Chery kunnen hun geluk niet op en staan met een grote lach te kijken naar het optreden. <\/p>\n<p>Afsluiting<\/p>\n<p>Alle vragen zijn gesteld, handtekeningen scoren dus! Een mix van spelers en kindjes ontstaat. De kinderen gaan hard op zoek naar de handtekeningen van hun favoriete spelers. De spelers van de Nijmeegse club maken een praatje en blijven even hangen. Sommigen trappen een bal over met wat kinderen en anderen gaan pingpongen.<\/p>\n<p>De verpleegkundig directeur, Herman Hendriks, genoot enorm van de middag. \u201cDit is een hele belangrijke dag voor het ziekenhuis. In de periode van Sinterklaas en Kerst heeft iedereen wat leuks te vertellen. Deze kinderen liggen in het ziekenhuis en maken weinig leuks mee. Door deze dag kunnen zij straks vertellen dat NEC op bezoek is geweest. Dat zijn helden voor hen. De eerste keer dat ik me kan herinneren was het nog met de selectie van Johan Neeskens. Dit doen ze al jaren. Dat is geweldig. Ik kan niks\u00a0anders\u00a0zeggen.\u201d<\/p>\n<p>Foto: NEC Media<\/p>\n","protected":false},"excerpt":{"rendered":"Woensdag stond voor de kinderen in het Radboud UMC met rood omcirkeld op de kalender: de selectie van&hellip;\n","protected":false},"author":2,"featured_media":81415,"comment_status":"","ping_status":"","sticky":false,"template":"","format":"standard","meta":{"footnotes":""},"categories":[12],"tags":[39,40,48,43,44,34,35,41,42,46,47,49,45,32,33,50,36,37,38],"class_list":{"0":"post-81414","1":"post","2":"type-post","3":"status-publish","4":"format-standard","5":"has-post-thumbnail","7":"category-nederland","8":"tag-breaking-news","9":"tag-breakingnews","10":"tag-dutch","11":"tag-featured-news","12":"tag-featurednews","13":"tag-headlines","14":"tag-hoofdpunten","15":"tag-latest-news","16":"tag-latestnews","17":"tag-nederland","18":"tag-nederlanden","19":"tag-nederlands","20":"tag-netherlands","21":"tag-news","22":"tag-nieuws","23":"tag-nl","24":"tag-top-stories","25":"tag-topstories","26":"tag-voorpaginanieuws"},"share_on_mastodon":{"url":"https:\/\/pubeurope.com\/@nl\/115701673105804756","error":""},"_links":{"self":[{"href":"https:\/\/www.europesays.com\/nl\/wp-json\/wp\/v2\/posts\/81414","targetHints":{"allow":["GET"]}}],"collection":[{"href":"https:\/\/www.europesays.com\/nl\/wp-json\/wp\/v2\/posts"}],"about":[{"href":"https:\/\/www.europesays.com\/nl\/wp-json\/wp\/v2\/types\/post"}],"author":[{"embeddable":true,"href":"https:\/\/www.europesays.com\/nl\/wp-json\/wp\/v2\/users\/2"}],"replies":[{"embeddable":true,"href":"https:\/\/www.europesays.com\/nl\/wp-json\/wp\/v2\/comments?post=81414"}],"version-history":[{"count":0,"href":"https:\/\/www.europesays.com\/nl\/wp-json\/wp\/v2\/posts\/81414\/revisions"}],"wp:featuredmedia":[{"embeddable":true,"href":"https:\/\/www.europesays.com\/nl\/wp-json\/wp\/v2\/media\/81415"}],"wp:attachment":[{"href":"https:\/\/www.europesays.com\/nl\/wp-json\/wp\/v2\/media?parent=81414"}],"wp:term":[{"taxonomy":"category","embeddable":true,"href":"https:\/\/www.europesays.com\/nl\/wp-json\/wp\/v2\/categories?post=81414"},{"taxonomy":"post_tag","embeddable":true,"href":"https:\/\/www.europesays.com\/nl\/wp-json\/wp\/v2\/tags?post=81414"}],"curies":[{"name":"wp","href":"https:\/\/api.w.org\/{rel}","templated":true}]}}