{"id":81424,"date":"2025-12-11T15:59:10","date_gmt":"2025-12-11T15:59:10","guid":{"rendered":"https:\/\/www.europesays.com\/nl\/81424\/"},"modified":"2025-12-11T15:59:10","modified_gmt":"2025-12-11T15:59:10","slug":"waarom-ging-johan-derksen-overstag-voor-curacao-vakantie-vi","status":"publish","type":"post","link":"https:\/\/www.europesays.com\/nl\/81424\/","title":{"rendered":"Waarom ging Johan Derksen overstag voor Cura\u00e7ao-vakantie VI?"},"content":{"rendered":"<p>Johan Derksen is t\u00f3ch overstag gegaan: hij gaat met zijn collega\u2019s van Vandaag Inside naar Cura\u00e7ao. Maar dan niet t\u00edjdens het WK Voetbal, maar erv\u00f3\u00f3r. \u201cWeet je wat, dan ga ik ook gewoon mee!\u201d<\/p>\n<p>        Door onze entertainmentredactie<\/p>\n<p>        <img fetchpriority=\"high\" decoding=\"async\" width=\"1280\" height=\"720\" src=\"https:\/\/www.europesays.com\/nl\/wp-content\/uploads\/2025\/12\/1211-Johan-Derksen.jpg\" class=\"attachment-post-thumbnail size-post-thumbnail wp-post-image\" alt=\"Johan Derksen\"  \/>        \u00a9 SBS    <\/p>\n<p>Het reguliere seizoen van Vandaag Inside eindigt op vrijdag 15 mei, en daarna gaat er iets bijzonders gebeuren: het programma verhuist tijdelijk naar Cura\u00e7ao. Voor slechts twee weken. Begin juni neemt H\u00e9l\u00e8ne Hendriks het stokje over met De Oranjezomer, waarna op 11 juni het WK Voetbal begint. Dat duurt dan tot en met 19 juli.<\/p>\n<p>Gek van die gozer<\/p>\n<p>Wilfred Genee vindt het prachtig. \u201cIk heb er mede voor gezorgd dat we nu met z\u2019n allen die kant opgaan. Ik ben net zo lang bij John de Mol binnengelopen tot hij dacht: nou word ik gek van die gozer, we gaan het doen!\u201d, zegt hij in de rubriek <a href=\"https:\/\/www.kijk.nl\/programmas\/vandaag-inside\" rel=\"nofollow noopener\" target=\"_blank\">In De Wandelgangen<\/a>.<\/p>\n<p>Dick Advocaat, de bondscoach van Cura\u00e7ao, zegt: \u201cMaar dat ze allemaal meegaan, vind ik toch wel mooi.\u201d<\/p>\n<p>\u2018Ga ik toch mee!\u2019<\/p>\n<p>Hoe is Johan overstag gegaan? Wilfred: \u201cHet grappige was: Johan wilde eigenlijk niet mee en daarom zouden we het WK niet gaan doen, want toen zei John ook: \u2018Dat risico wil ik niet nemen, dat als we Johan daar neerzetten met het WK en het gaat mis, dat we daarna geen programma meer hebben.\u2019\u201d<\/p>\n<p>\u201cToen hadden we geregeld dat ik dan een gedeelte van De Oranjezomer zou gaan doen, dan zou Ren\u00e9 meegaan en toen hoorde Johan dat, en zei hij: \u2018Weet je wat, dan ga ik ook gewoon mee!\u2019\u201d<\/p>\n<p>Niet verwacht<\/p>\n<p>Dick zag het niet aankomen. \u201cDat had ik niet verwacht dat hij dat zou doen.\u201d<\/p>\n<p>Gerard Joling: \u201cDat is toch ook machtig? Die moet er ook gewoon bij, met z\u2019n allen! Jullie zijn de voetbalkenners allemaal, dat hoort bij elkaar.\u201d<\/p>\n<p>Wilfred: \u201cDat vind ik ook! Met het team ernaartoe!\u201d<\/p>\n<p>Dick: \u201cMaar dat is niet gedurende het WK.\u201d<\/p>\n<p>Wilfred: \u201cNee, dat was net iets te hoog gegrepen.\u201d<\/p>\n<p>Tijden veranderd<\/p>\n<p>Tijdens het WK is ook echt lastig, aldus Wilfred. \u201cWe zijn erachter gekomen dat die tijden veranderd zijn. We dachten dat er van 18.00 tot 20.00 uur een wedstrijd was, dan konden we van 20.00 tot 21.00 uur een uitzending maken en dan was er van 21.00 tot 23.00 uur een wedstrijd, en zouden we van 23.00 tot 00.00 uur een uitzending kunnen maken.\u201d<\/p>\n<p>\u201cMaar nu is alles een uur opgeschoven die wedstrijden, dus het is best wel lastig hoe we dat nu moeten gaan doen. Daar moeten we even over na gaan denken\u2026\u201d<\/p>\n","protected":false},"excerpt":{"rendered":"Johan Derksen is t\u00f3ch overstag gegaan: hij gaat met zijn collega\u2019s van Vandaag Inside naar Cura\u00e7ao. Maar dan&hellip;\n","protected":false},"author":2,"featured_media":81425,"comment_status":"","ping_status":"","sticky":false,"template":"","format":"standard","meta":{"footnotes":""},"categories":[21],"tags":[48,192,46,47,49,45,50,92,91,285],"class_list":{"0":"post-81424","1":"post","2":"type-post","3":"status-publish","4":"format-standard","5":"has-post-thumbnail","7":"category-sport","8":"tag-dutch","9":"tag-johan-derksen","10":"tag-nederland","11":"tag-nederlanden","12":"tag-nederlands","13":"tag-netherlands","14":"tag-nl","15":"tag-sport","16":"tag-sports","17":"tag-vandaag-inside"},"share_on_mastodon":{"url":"https:\/\/pubeurope.com\/@nl\/115701767690058838","error":""},"_links":{"self":[{"href":"https:\/\/www.europesays.com\/nl\/wp-json\/wp\/v2\/posts\/81424","targetHints":{"allow":["GET"]}}],"collection":[{"href":"https:\/\/www.europesays.com\/nl\/wp-json\/wp\/v2\/posts"}],"about":[{"href":"https:\/\/www.europesays.com\/nl\/wp-json\/wp\/v2\/types\/post"}],"author":[{"embeddable":true,"href":"https:\/\/www.europesays.com\/nl\/wp-json\/wp\/v2\/users\/2"}],"replies":[{"embeddable":true,"href":"https:\/\/www.europesays.com\/nl\/wp-json\/wp\/v2\/comments?post=81424"}],"version-history":[{"count":0,"href":"https:\/\/www.europesays.com\/nl\/wp-json\/wp\/v2\/posts\/81424\/revisions"}],"wp:featuredmedia":[{"embeddable":true,"href":"https:\/\/www.europesays.com\/nl\/wp-json\/wp\/v2\/media\/81425"}],"wp:attachment":[{"href":"https:\/\/www.europesays.com\/nl\/wp-json\/wp\/v2\/media?parent=81424"}],"wp:term":[{"taxonomy":"category","embeddable":true,"href":"https:\/\/www.europesays.com\/nl\/wp-json\/wp\/v2\/categories?post=81424"},{"taxonomy":"post_tag","embeddable":true,"href":"https:\/\/www.europesays.com\/nl\/wp-json\/wp\/v2\/tags?post=81424"}],"curies":[{"name":"wp","href":"https:\/\/api.w.org\/{rel}","templated":true}]}}