{"id":81676,"date":"2025-12-11T20:11:14","date_gmt":"2025-12-11T20:11:14","guid":{"rendered":"https:\/\/www.europesays.com\/nl\/81676\/"},"modified":"2025-12-11T20:11:14","modified_gmt":"2025-12-11T20:11:14","slug":"ajax-ziet-eerste-club-zich-melden-voor-transfer-mislukte-miljoenenaankoop","status":"publish","type":"post","link":"https:\/\/www.europesays.com\/nl\/81676\/","title":{"rendered":"Ajax ziet eerste club zich melden voor transfer mislukte miljoenenaankoop"},"content":{"rendered":"<p>                                                        <img loading=\"lazy\" decoding=\"async\" data-image-size=\"not_specified\" class=\"\" width=\"112\" height=\"112\" alt=\"Lars Leeftink\" src=\"https:\/\/www.europesays.com\/nl\/wp-content\/uploads\/2025\/11\/1763704221_520_w=112,h=112,quality=75,fit=cover,format=auto.jpeg\"\/>                                                    <\/p>\n<p>                                                  <img decoding=\"async\" data-image-size=\"retina\" class=\"\" width=\"1200\" height=\"675\" alt=\"Marijn Beuker, Ajax Darko Nejasmic, NEC\" src=\"https:\/\/www.europesays.com\/nl\/wp-content\/uploads\/2025\/12\/1765483874_373_w=1200,h=675,quality=75,fit=cover,format=auto.jpeg\" fetchpriority=\"high\"\/><br \/>\n                                                                                                                                                                                                        \u00a9 IMAGO\/FootballTransfers <\/p>\n<p><a href=\"https:\/\/www.footballtransfers.com\/nl\/spelers\/gaston-luciano-avila\" title=\"Gast\u00f3n \u00c1vila\" data-skill=\"62.8\" data-pot=\"67.0\" data-position=\"V (CL)\" data-estimates=\"\u20ac2.2M\" data-xtvrange=\"\u20ac1.8M - \u20ac2.6M\" data-team=\"Fortaleza\" data-team-image=\"https:\/\/static.footballtransfers.com\/resources\/teams\/1355.png\" data-profile-image=\"https:\/\/images.footballtransfers.com\/?url=https:\/\/static.footballtransfers.com\/resources\/players\/440772.png&amp;h=200\" data-player-tooltip=\"1\" rel=\"nofollow noopener\" target=\"_blank\">Gast\u00f3n \u00c1vila<\/a> keert in januari weer terug bij <a href=\"https:\/\/www.footballtransfers.com\/nl\/teams\/nl\/ajax\" title=\"Ajax Amsterdam\" rel=\"nofollow noopener\" target=\"_blank\">Ajax<\/a> na zijn verhuurperiode van een jaar bij Fortaleza in Brazili\u00eb, maar lijkt niet lang onderdeel van de Amsterdamse club te blijven. De eerste club heeft zich bij Ajax gemeld om een nieuwe huurovereenkomst te sluiten die in januari in zal gaan: S\u00e3o Paulo.<\/p>\n<p>S\u00e3o Paulo zal inmiddels weten wie \u00c1vila is, aangezien ze hem genoeg aan het werk hebben gezien in 2025. Avila speelde namelijk 25 duels namens Fortaleza in Brazili\u00eb, waarvan 32 duels in de basis. Fortaleza degradeerde echter wel en \u00c1vila moest dus op sportief gezien een vrij trieste manier afscheid van de club nemen voordat hij vanaf 1 januari 2026 officieel weer onderdeel van Ajax is.<\/p>\n<p>Artikel gaat verder onder de video <\/p>\n<p>Bij Ajax is de storm een beetje gaan liggen nu er onder leiding van Fred Grim drie zeges op rij zijn geboekt. Dit nadat John Heitinga werd ontslagen en ook technisch directeur Alex Kroes zijn positie ter beschikking heeft gesteld. Wie de technisch directeur en trainer van Ajax in 2026 ook gaan worden, een toekomst bij Ajax lijkt er voor \u00c1vila niet in te zitten. Ondanks dat Ajax niet veel linksbenige centrale verdedigers en linksbacks heeft (alleen Owen Wijndal en Youri Baas momenteel), lijkt hij ook in 2026 ergens anders terecht te komen.<\/p>\n<p>        S\u00e3o Paulo wil \u00c1vila huren van Ajax<\/p>\n<p>Gast\u00f3n \u00c1vila kan komend jaar wederom een heel kalenderjaar op huurbasis terecht in Zuid-Amerika. Dit keer zou S\u00e3o Paulo interesse hebben in een huurtransfer van \u00c1vila , waarbij het niet duidelijk is over of er een optie tot koop bij zal zitten. Ajax, S\u00e3o Paulo en \u00c1vila zouden volgens transferjournalist Ekrem Konur al in discussie zijn over een deal en het idee hebben dat ze er wel uit kunnen komen.<\/p>\n<p>\u00c1vila heeft bij Ajax nog een contract tot de zomer van 2028 en Ajax zou hem het liefst verkopen om wat financiele mogelijkheden te krijgen voor op de transfermarkt. Toch is de prijs die Ajax kan vragen niet heel hoog. De Estimated Transfer Value (ETV) van \u00c1vila is momenteel 2,2 miljoen euro en is het afgelopen jaar met meer dan de helft gezakt. Ajax zal hopen dat \u00c1vila ook bij S\u00e3o Paulo, mocht dat zijn nieuwe club worden, zich in de kijker speelt of dat S\u00e3o Paulo een eventuele koopoptie wel wil lichten, iets wat Fortaleza niet heeft gedaan.<\/p>\n<blockquote class=\"twitter-tweet\">\n<p lang=\"en\" dir=\"ltr\">\ud83d\udea8\ud83c\udd95 <a href=\"https:\/\/twitter.com\/hashtag\/S%C3%A3oPaulo?src=hash&amp;ref_src=twsrc%5Etfw\" rel=\"nofollow noopener\" target=\"_blank\">#S\u00e3oPaulo<\/a> \ud83c\udde6\ud83c\uddf7 <br \/>S\u00e3o Paulo have inquired about Ajax\u2019s 24-year-old defender Gast\u00f3n \u00c1vila! <\/p>\n<p>\ud83d\udc49 Played last season at Fortaleza.<\/p>\n<p>\ud83d\udc49 Talks ongoing with Ajax over loan move.<\/p>\n<p>\ud83d\udc49 Sources optimistic about positive outcome. <a href=\"https:\/\/t.co\/cghOmpH5qs\" rel=\"nofollow\">pic.twitter.com\/cghOmpH5qs<\/a><\/p>\n<p>\u2014 Ekrem KONUR (@Ekremkonur) <a href=\"https:\/\/twitter.com\/Ekremkonur\/status\/1999176520385069349?ref_src=twsrc%5Etfw\" rel=\"nofollow noopener\" target=\"_blank\">December 11, 2025<\/a><\/p>\n<\/blockquote>\n<p>                                    <script async src=\"https:\/\/platform.twitter.com\/widgets.js\" charset=\"utf-8\"><\/script><\/p>\n","protected":false},"excerpt":{"rendered":"\u00a9 IMAGO\/FootballTransfers Gast\u00f3n \u00c1vila keert in januari weer terug bij Ajax na zijn verhuurperiode van een jaar bij&hellip;\n","protected":false},"author":2,"featured_media":81677,"comment_status":"","ping_status":"","sticky":false,"template":"","format":"standard","meta":{"footnotes":""},"categories":[21],"tags":[166,1385,48,165,12339,46,47,49,45,50,18357,92,91,869,868],"class_list":{"0":"post-81676","1":"post","2":"type-post","3":"status-publish","4":"format-standard","5":"has-post-thumbnail","7":"category-sport","8":"tag-ajax","9":"tag-ajax-amsterdam","10":"tag-dutch","11":"tag-eredivisie","12":"tag-gaston-avila","13":"tag-nederland","14":"tag-nederlanden","15":"tag-nederlands","16":"tag-netherlands","17":"tag-nl","18":"tag-sao-paulo","19":"tag-sport","20":"tag-sports","21":"tag-transfernieuws","22":"tag-voetbaltransfers"},"share_on_mastodon":{"url":"https:\/\/pubeurope.com\/@nl\/115702758435611704","error":""},"_links":{"self":[{"href":"https:\/\/www.europesays.com\/nl\/wp-json\/wp\/v2\/posts\/81676","targetHints":{"allow":["GET"]}}],"collection":[{"href":"https:\/\/www.europesays.com\/nl\/wp-json\/wp\/v2\/posts"}],"about":[{"href":"https:\/\/www.europesays.com\/nl\/wp-json\/wp\/v2\/types\/post"}],"author":[{"embeddable":true,"href":"https:\/\/www.europesays.com\/nl\/wp-json\/wp\/v2\/users\/2"}],"replies":[{"embeddable":true,"href":"https:\/\/www.europesays.com\/nl\/wp-json\/wp\/v2\/comments?post=81676"}],"version-history":[{"count":0,"href":"https:\/\/www.europesays.com\/nl\/wp-json\/wp\/v2\/posts\/81676\/revisions"}],"wp:featuredmedia":[{"embeddable":true,"href":"https:\/\/www.europesays.com\/nl\/wp-json\/wp\/v2\/media\/81677"}],"wp:attachment":[{"href":"https:\/\/www.europesays.com\/nl\/wp-json\/wp\/v2\/media?parent=81676"}],"wp:term":[{"taxonomy":"category","embeddable":true,"href":"https:\/\/www.europesays.com\/nl\/wp-json\/wp\/v2\/categories?post=81676"},{"taxonomy":"post_tag","embeddable":true,"href":"https:\/\/www.europesays.com\/nl\/wp-json\/wp\/v2\/tags?post=81676"}],"curies":[{"name":"wp","href":"https:\/\/api.w.org\/{rel}","templated":true}]}}