{"id":81700,"date":"2025-12-11T20:31:11","date_gmt":"2025-12-11T20:31:11","guid":{"rendered":"https:\/\/www.europesays.com\/nl\/81700\/"},"modified":"2025-12-11T20:31:11","modified_gmt":"2025-12-11T20:31:11","slug":"maxima-bij-best-geklede-beroemdheden-van-2025","status":"publish","type":"post","link":"https:\/\/www.europesays.com\/nl\/81700\/","title":{"rendered":"M\u00e1xima bij best geklede beroemdheden van 2025"},"content":{"rendered":"<p>&#8220;Als we het over goed geklede royals hebben, spant koningin M\u00e1xima de kroon&#8221;, staat in het artikel op Vogue.nl. &#8220;Ze heeft wederom laten zien dat ze niet bang is om trends uit te proberen, zoals de laarzen met slangenprint gecombineerd met een leren midirok waarmee ze de herfst inluidde. Wat staatsdiners en offici\u00eble momenten betreft, betoverde M\u00e1xima ons onder meer in een rode one-shoulderjurk van Jan Taminiau en een op Diors New Look ge\u00efnspireerde outfit.&#8221;<\/p>\n<p>De lijst bestaat verder voornamelijk uit Hollywoodsterren als Ayo Edebiri, Greta Lee, Pedro Pascal en Jennifer Lawrence. Ook supersterren Doechii, Miley Cyrus, Dua Lipa en Rihanna blonken volgens Vogue uit met hun looks.<\/p>\n","protected":false},"excerpt":{"rendered":"&#8220;Als we het over goed geklede royals hebben, spant koningin M\u00e1xima de kroon&#8221;, staat in het artikel op&hellip;\n","protected":false},"author":2,"featured_media":81701,"comment_status":"","ping_status":"","sticky":false,"template":"","format":"standard","meta":{"footnotes":""},"categories":[31],"tags":[99,147,48,98,1631,46,47,49,45,50],"class_list":{"0":"post-81700","1":"post","2":"type-post","3":"status-publish","4":"format-standard","5":"has-post-thumbnail","7":"category-celebrities","8":"tag-amusement","9":"tag-celebrities","10":"tag-dutch","11":"tag-entertainment","12":"tag-koningin-maxima","13":"tag-nederland","14":"tag-nederlanden","15":"tag-nederlands","16":"tag-netherlands","17":"tag-nl"},"share_on_mastodon":{"url":"https:\/\/pubeurope.com\/@nl\/115702836929132704","error":""},"_links":{"self":[{"href":"https:\/\/www.europesays.com\/nl\/wp-json\/wp\/v2\/posts\/81700","targetHints":{"allow":["GET"]}}],"collection":[{"href":"https:\/\/www.europesays.com\/nl\/wp-json\/wp\/v2\/posts"}],"about":[{"href":"https:\/\/www.europesays.com\/nl\/wp-json\/wp\/v2\/types\/post"}],"author":[{"embeddable":true,"href":"https:\/\/www.europesays.com\/nl\/wp-json\/wp\/v2\/users\/2"}],"replies":[{"embeddable":true,"href":"https:\/\/www.europesays.com\/nl\/wp-json\/wp\/v2\/comments?post=81700"}],"version-history":[{"count":0,"href":"https:\/\/www.europesays.com\/nl\/wp-json\/wp\/v2\/posts\/81700\/revisions"}],"wp:featuredmedia":[{"embeddable":true,"href":"https:\/\/www.europesays.com\/nl\/wp-json\/wp\/v2\/media\/81701"}],"wp:attachment":[{"href":"https:\/\/www.europesays.com\/nl\/wp-json\/wp\/v2\/media?parent=81700"}],"wp:term":[{"taxonomy":"category","embeddable":true,"href":"https:\/\/www.europesays.com\/nl\/wp-json\/wp\/v2\/categories?post=81700"},{"taxonomy":"post_tag","embeddable":true,"href":"https:\/\/www.europesays.com\/nl\/wp-json\/wp\/v2\/tags?post=81700"}],"curies":[{"name":"wp","href":"https:\/\/api.w.org\/{rel}","templated":true}]}}