{"id":81845,"date":"2025-12-12T00:04:12","date_gmt":"2025-12-12T00:04:12","guid":{"rendered":"https:\/\/www.europesays.com\/nl\/81845\/"},"modified":"2025-12-12T00:04:12","modified_gmt":"2025-12-12T00:04:12","slug":"amalia-schittert-en-glittert-bij-staatsbanket-finland-all-things-amalia","status":"publish","type":"post","link":"https:\/\/www.europesays.com\/nl\/81845\/","title":{"rendered":"Amalia schittert en glittert bij staatsbanket Finland \u2013 All Things Amalia"},"content":{"rendered":"<p>Hoera, de prinses verbreekt haar lavendel-streak en kiest voor lovely cr\u00e8me.<\/p>\n<p>We hadden al best <a href=\"https:\/\/allthingsamalia.nl\/kwartet-donderdag-beleeft-amalia-haar-vierde-staatsbanket\/\" target=\"_blank\" rel=\"noreferrer noopener nofollow\">hoge verwachtingen<\/a> van prinses Amalia bij het staatsbanket voor de president van Finland vanavond. Want ze heeft na drie eerdere banketten zeker laten zien dat ze haar rol als glamourprinses serieus neemt. Maar dat jaar jurken tot nog toe uitblonken in veelzijdigheid\u2026 nee.<\/p>\n<p>Dit droeg ze haar eerste drie keer aan de dis. En vandaag\u2026<\/p>\n<p><img loading=\"lazy\" data-lazyloaded=\"1\" decoding=\"async\" width=\"609\" height=\"1024\" data-id=\"24593\" src=\"https:\/\/www.europesays.com\/nl\/wp-content\/uploads\/2025\/12\/2024-amalia-staatsbanket-spanje-blauw-tiara-anp-609x1024.jpg\" alt=\"2024 amalia staatsbanket spanje blauw tiara anp\" class=\"wp-image-24593\"  data-\/><img loading=\"lazy\" data-lazyloaded=\"1\" decoding=\"async\" width=\"661\" height=\"1024\" data-id=\"24592\" src=\"https:\/\/www.europesays.com\/nl\/wp-content\/uploads\/2025\/12\/2024-amalia-staatsbanket-portugal-anp-661x1024.jpg\" alt=\"2024 amalia staatsbanket portugal anp\" class=\"wp-image-24592\"  data-\/><img loading=\"lazy\" data-lazyloaded=\"1\" decoding=\"async\" width=\"778\" height=\"1024\" data-id=\"24591\" src=\"https:\/\/www.europesays.com\/nl\/wp-content\/uploads\/2025\/12\/2025-amalia-staatsbanket-oman-anp-778x1024.jpg\" alt=\"2025 amalia staatsbanket oman anp\" class=\"wp-image-24591\"  data-\/>Chique cr\u00e8me<\/p>\n<p>Hoera, vandaag was het eens g\u00e9\u00e9n cape en ook niet onbelangrijk g\u00e9\u00e9n fifty shades of lavender wat de klok sloeg. De Prinses van Oranje koos voor chique cr\u00e8me. Zonder cape (wat heet: zelfs met-zonder-mouwen!) en met losse lokken. Toch wel een h\u00e9\u00e9l andere look om haar staatsbanket-kwartet te volmaken.<\/p>\n<p><img loading=\"lazy\" data-lazyloaded=\"1\" decoding=\"async\" width=\"1024\" height=\"781\" src=\"https:\/\/www.europesays.com\/nl\/wp-content\/uploads\/2025\/12\/2025-amalia-staatsbanket-finland-peckham-anp-1024x781.jpg\" alt=\"2025 amalia staatsbanket finland peckham anp\" class=\"wp-image-24627\"  data-\/>\u00a9ANP<\/p>\n<p>De jurk in kwestie komt van Jenny Peckham, ook favoriet van prinses Catherine. Geen <a href=\"https:\/\/editorialist.com\/p\/jenny-packham-embellished-tulle-gown-neutral-uk-8\/\" target=\"_blank\" rel=\"noreferrer noopener nofollow\">goedkoopje<\/a> met een prijskaartje van 3500 dollar. Maar qua prinsessenpower 10\/10.<\/p>\n<p><img loading=\"lazy\" data-lazyloaded=\"1\" decoding=\"async\" width=\"600\" height=\"900\" data-id=\"24622\" src=\"https:\/\/www.europesays.com\/nl\/wp-content\/uploads\/2025\/12\/27550275beige_2.webp.webp\" alt=\"27550275~beige 2\" class=\"wp-image-24622\"  data-\/><img loading=\"lazy\" data-lazyloaded=\"1\" decoding=\"async\" width=\"600\" height=\"900\" data-id=\"24624\" src=\"https:\/\/www.europesays.com\/nl\/wp-content\/uploads\/2025\/12\/27550275beige_3.webp.webp\" alt=\"27550275~beige 3\" class=\"wp-image-24624\"  data-\/><img loading=\"lazy\" data-lazyloaded=\"1\" decoding=\"async\" width=\"683\" height=\"1024\" data-id=\"24623\" src=\"https:\/\/www.europesays.com\/nl\/wp-content\/uploads\/2025\/12\/9ec10243-4e0c-40a4-ae03-008dd123691b-683x1024.jpg\" alt=\"9ec10243 4e0c 40a4 ae03 008dd123691b\" class=\"wp-image-24623\"  data-\/>\u00a9Jenny PeckhamHeerlijk sprookjesachtig<\/p>\n<p>De jurk is wel heerlijk sprookjesachtig vol van onderen, en oogt ook lekker feestdagenproof dankzij een glittertje en een speelse cut-out op de (eveneens be-kristalde) schouder. De krul in het haar, bescheiden diadeem op (de diamanten bandeau die M\u00e1xima in Suriname nog droeg), niets meer aan doen.<\/p>\n<p>See also<\/p>\n<p><a href=\"https:\/\/allthingsamalia.nl\/exclusief-amalia-wil-eigen-royal-instagram\/\" class=\"mask-img\" rel=\"nofollow noopener\" target=\"_blank\"><img loading=\"lazy\" data-lazyloaded=\"1\" decoding=\"async\" width=\"100\" height=\"100\" src=\"https:\/\/www.europesays.com\/nl\/wp-content\/uploads\/2025\/12\/amalia-instagram-100x100.jpg\" class=\"attachment-thumbnail size-thumbnail wp-post-image\" alt=\"amalia instagram\"  data-\/><\/a><img loading=\"lazy\" data-lazyloaded=\"1\" decoding=\"async\" width=\"546\" height=\"1024\" src=\"https:\/\/www.europesays.com\/nl\/wp-content\/uploads\/2025\/12\/2025-amalia-staatsbanket-finland-peckham-anp-kopie-546x1024.jpg\" alt=\"2025 amalia staatsbanket finland peckham anp kopie\" class=\"wp-image-24628\"  data-\/>\u00a9ANP<\/p>\n<p>Of nou ja, op papier dan. Want wie iets verder inzoomt ziet wel degelijk allerlei diamantenpracht om beide polsen. En dat collier mag ook gerust een knoeperd heten.<\/p>\n<p><img loading=\"lazy\" data-lazyloaded=\"1\" decoding=\"async\" width=\"1024\" height=\"780\" src=\"https:\/\/www.europesays.com\/nl\/wp-content\/uploads\/2025\/12\/2025-amalia-staatsbanket-finland-creme-tiara-anp-1024x780.jpg\" alt=\"2025 amalia staatsbanket finland creme tiara anp\" class=\"wp-image-24620\"  data-\/>\u00a9ANPGeen Amalia-in-the-army-momentje<\/p>\n<p>Helaas zagen we de prinses vandaag verder niet opduiken tijdens het staatsbezoek. Dat is niet gek, ze is daar normaal gesproken echt niet bij en haar aanwezigheid was ook niet aangekondigd. Maar goed, als je vader en moeder een president meenemen naar <a href=\"https:\/\/allthingsamalia.nl\/wat-gaat-amalia-nou-precies-doen-op-defensity-college\/\" target=\"_blank\" rel=\"noreferrer noopener nofollow\">je eigen school<\/a>, zou je misschien denken dat je wel even een handje kwam schudden.<\/p>\n<p>Wie droomde van een Amalia-in-the-army-momentje moet nog wat langer wachten. Vroeg of laat zullen er een keer foto\u2019s vrijgegeven worden van de prinses op Defensity College. Vandaag bleek (weer, voor haar <a href=\"https:\/\/allthingsamalia.nl\/amalia-22-jarig-2025\/\" target=\"_blank\" rel=\"noreferrer noopener nofollow\">verjaardag<\/a> had het ons ook een aardige traktatie geleken) niet die dag.<\/p>\n","protected":false},"excerpt":{"rendered":"Hoera, de prinses verbreekt haar lavendel-streak en kiest voor lovely cr\u00e8me. We hadden al best hoge verwachtingen van&hellip;\n","protected":false},"author":2,"featured_media":81846,"comment_status":"","ping_status":"","sticky":false,"template":"","format":"standard","meta":{"footnotes":""},"categories":[31],"tags":[1398,99,147,48,98,1993,18387,46,47,49,45,50,1634,18388],"class_list":{"0":"post-81845","1":"post","2":"type-post","3":"status-publish","4":"format-standard","5":"has-post-thumbnail","7":"category-celebrities","8":"tag-amalia","9":"tag-amusement","10":"tag-celebrities","11":"tag-dutch","12":"tag-entertainment","13":"tag-finland","14":"tag-koninklijk-paleis","15":"tag-nederland","16":"tag-nederlanden","17":"tag-nederlands","18":"tag-netherlands","19":"tag-nl","20":"tag-prinses-amalia","21":"tag-staatsbanket"},"share_on_mastodon":{"url":"https:\/\/pubeurope.com\/@nl\/115703674834982542","error":""},"_links":{"self":[{"href":"https:\/\/www.europesays.com\/nl\/wp-json\/wp\/v2\/posts\/81845","targetHints":{"allow":["GET"]}}],"collection":[{"href":"https:\/\/www.europesays.com\/nl\/wp-json\/wp\/v2\/posts"}],"about":[{"href":"https:\/\/www.europesays.com\/nl\/wp-json\/wp\/v2\/types\/post"}],"author":[{"embeddable":true,"href":"https:\/\/www.europesays.com\/nl\/wp-json\/wp\/v2\/users\/2"}],"replies":[{"embeddable":true,"href":"https:\/\/www.europesays.com\/nl\/wp-json\/wp\/v2\/comments?post=81845"}],"version-history":[{"count":0,"href":"https:\/\/www.europesays.com\/nl\/wp-json\/wp\/v2\/posts\/81845\/revisions"}],"wp:featuredmedia":[{"embeddable":true,"href":"https:\/\/www.europesays.com\/nl\/wp-json\/wp\/v2\/media\/81846"}],"wp:attachment":[{"href":"https:\/\/www.europesays.com\/nl\/wp-json\/wp\/v2\/media?parent=81845"}],"wp:term":[{"taxonomy":"category","embeddable":true,"href":"https:\/\/www.europesays.com\/nl\/wp-json\/wp\/v2\/categories?post=81845"},{"taxonomy":"post_tag","embeddable":true,"href":"https:\/\/www.europesays.com\/nl\/wp-json\/wp\/v2\/tags?post=81845"}],"curies":[{"name":"wp","href":"https:\/\/api.w.org\/{rel}","templated":true}]}}