{"id":81988,"date":"2025-12-12T06:49:12","date_gmt":"2025-12-12T06:49:12","guid":{"rendered":"https:\/\/www.europesays.com\/nl\/81988\/"},"modified":"2025-12-12T06:49:12","modified_gmt":"2025-12-12T06:49:12","slug":"genadeklap-is-in-aantocht-voor-nederland","status":"publish","type":"post","link":"https:\/\/www.europesays.com\/nl\/81988\/","title":{"rendered":"genadeklap is in aantocht voor Nederland"},"content":{"rendered":"<p class=\"intro\">Alle alarmbellen gaan af voor Nederland op de UEFA-co\u00ebffici\u00ebntenlijst. Portugal is namelijk opnieuw flink op &#8216;ons&#8217; ingelopen, komt met de bonuspunten in aantocht zelfs virtueel op gelijke hoogte en staat er op alle vlakken beter voor. Met name de beschamende nederlaag van Feyenoord tegen FCSB komt hard aan voor Nederland.<\/p>\n<p>PSV ging in de Champions League onderuit tegen Atl\u00e9tico Madrid, maar Ajax boekte juist zijn eerste zege van het seizoen in het miljardenbal, bij Qarabag. Feyenoord moest in de Europa League winnen van FCSB om uitzicht te houden op de knock-outfase, maar gaf een 1-3 voorsprong weg en leed een zeer beschamende nederlaag. AZ vierde op zijn beurt w\u00e9l zege in de Conference League, tegen FC Drita. FC Utrecht en Go Ahead Eagles weerden zich kranig in de Europa League-duels met respectievelijk Nottingham Forest en Olympique Lyon, maar gingen nipt onderuit.<\/p>\n<p>Al met al leveren de twee zeges 0.667 co\u00ebffici\u00ebntpunt op voor Nederland. Portugal boekte deze week drie zeges: Benfica won van Napoli in de Champions League, SC Braga van OGC Nice in de Europa League en FC Porto van Malm\u00f6 in de Europa League. Alleen Sporting Portugal ging onderuit. Daardoor pakken de Zuid-Europeanen deze week 1.200 punt.<\/p>\n<p>Belgi\u00eb, dat een concurrent van Nederland wordt in de volgende co\u00ebffici\u00ebntencyclus, heeft een horrorweek achter de rug. Alle actieve Europese deelnemers van onze zuiderburen gingen namelijk ten onder: Union Saint Gilloise (tegen Olympique Marseille) en Club Brugge (tegen Arsenal) in de Champions League en KRC Genk (tegen FC Midtjylland) in de Europa League. Daardoor mogen de Belgen geen enkel punt bijschrijven op de co\u00ebffici\u00ebntenlijst.<\/p>\n<p>Nederland is zesde plek al bijna kwijt<br \/>Dat het er niet goed uit ziet voor Nederland op de co\u00ebffici\u00ebntenlijst na deze week, is een understatement. Het gat met Portugal is nu verkleind tot slechts 2.100 punt. Van alle zes Nederlandse teams in Europa, zijn PSV en AZ de enige die nu virtueel op een plek in de knock-outfase staan. En dan niet op een plek in een achtste finale, maar in de tussenrondes van hun competities. Voor PSV wordt het ook nog een flinke kluif om de knock-outfase daadwerkelijk te halen, omdat er in de laatste wedstrijden tegen Newcastle United en Bayern M\u00fcnchen sowieso nog punten gepakt moeten gaan worden.<\/p>\n<p><img alt=\"Ondersteunend beeld bij het artikel\" loading=\"lazy\" width=\"900\" height=\"600\" decoding=\"async\" data-nimg=\"1\" class=\"rich-content-image\" style=\"color:transparent;object-fit:cover;object-position:top center\"  src=\"https:\/\/www.europesays.com\/nl\/wp-content\/uploads\/2025\/12\/Q Timber (FCSB vs Feyenoord).jpg\"\/><\/p>\n<p>Voor Ajax en Feyenoord moet er een wonder gebeuren, willen ze alsnog doorgaan in Europa, terwijl FC Utrecht al zo goed als uitgeschakeld is. Nota bene Go Ahead Eagles heeft van de vier teams in de gevarenzone nog de beste papieren om alsnog de knock-outfase in te gaan, terwijl de bekerwinnaar aan het begin van dit seizoen bestempeld werd als de zwakkere broeder van Nederland in Europa.<\/p>\n<p>Om het allemaal nog wat erger te maken, lijkt Portugal binnenkort nog een sloot aan bonuspunten binnen te halen. Virtueel staat de teller nu op maar liefst 2.500 aan co\u00ebffici\u00ebntenbonuspunten voor onze Zuid-Europese concurrent, tegenover een schamele 0.417 voor Nederland. Oftewel: met de bonuspunten zou Portugal alle laatste Nederlandse marge tenietdoen en op gelijke hoogte komen met ons. En voor de duidelijkheid: drie van de vier Portugese teams staat virtueel op doorgaan, terwijl Benfica, dat nu buiten de boot valt, nog volop in de race is.<\/p>\n<p>Een lang verhaal kort: na deze desastreuse donderdagavond is de kans levensgroot dat Nederland dit seizoen al de zesde plek kwijtraakt op de co\u00ebffici\u00ebntenlijst. Dat zou betekenen dat de nummer twee van volgend seizoen weer de voorronde van de Champions League in moet, en zich dus niet meer direct kwalificeert. Daarnaast zou Nederland in dat geval geen zes, maar vijf teams af mogen leveren in Europa, wat voor de puntentelling dan wel weer gunstig is.<\/p>\n<p>De stand van zaken op de co\u00ebffici\u00ebntenlijst<\/p>\n<tr class=\"Table_table-row__lD1tc undefined\"\/>\n<tr class=\"Table_table-row__lD1tc\">\n<td class=\"Table_table-cell__9_qga\">\n<p>7. Portugal<\/p>\n<\/td>\n<td class=\"Table_table-cell__9_qga\">\n<p>63.266punten<\/p>\n<\/td>\n<td class=\"Table_table-cell__9_qga\">\n<p>(10.600)<\/p>\n<\/td>\n<td class=\"Table_table-cell__9_qga\">\n<p>(4\/5)<\/p>\n<\/td>\n<\/tr>\n<tr class=\"Table_table-row__lD1tc\">\n<td class=\"Table_table-cell__9_qga\">\n<p>8. Belgi\u00eb<\/p>\n<\/td>\n<td class=\"Table_table-cell__9_qga\">\n<p>57.750 punten<\/p>\n<\/td>\n<td class=\"Table_table-cell__9_qga\">\n<p>(6.900)<\/p>\n<\/td>\n<td class=\"Table_table-cell__9_qga\">\n<p>(3\/5)<\/p>\n<\/td>\n<\/tr>\n<p style=\"text-align:start\">De virtuele stand van de co\u00ebffici\u00ebntencyclus van volgend seizoen<\/p>\n<tr class=\"Table_table-row__lD1tc undefined\"\/>\n<tr class=\"Table_table-row__lD1tc\">\n<td class=\"Table_table-cell__9_qga\">\n<p>7. Portugal<\/p>\n<\/td>\n<td class=\"Table_table-cell__9_qga\">\n<p>50.350 punten<\/p>\n<\/td>\n<\/tr>\n<tr class=\"Table_table-row__lD1tc\">\n<td class=\"Table_table-cell__9_qga\">\n<p>8. NEDERLAND<\/p>\n<\/td>\n<td class=\"Table_table-cell__9_qga\">\n<p>46.166 punten<\/p>\n<\/td>\n<\/tr>\n","protected":false},"excerpt":{"rendered":"Alle alarmbellen gaan af voor Nederland op de UEFA-co\u00ebffici\u00ebntenlijst. Portugal is namelijk opnieuw flink op &#8216;ons&#8217; ingelopen, komt&hellip;\n","protected":false},"author":2,"featured_media":81989,"comment_status":"","ping_status":"","sticky":false,"template":"","format":"standard","meta":{"footnotes":""},"categories":[5],"tags":[39,40,48,43,44,34,35,41,42,46,47,49,45,32,33,50,36,37,38],"class_list":{"0":"post-81988","1":"post","2":"type-post","3":"status-publish","4":"format-standard","5":"has-post-thumbnail","7":"category-hoofdpunten","8":"tag-breaking-news","9":"tag-breakingnews","10":"tag-dutch","11":"tag-featured-news","12":"tag-featurednews","13":"tag-headlines","14":"tag-hoofdpunten","15":"tag-latest-news","16":"tag-latestnews","17":"tag-nederland","18":"tag-nederlanden","19":"tag-nederlands","20":"tag-netherlands","21":"tag-news","22":"tag-nieuws","23":"tag-nl","24":"tag-top-stories","25":"tag-topstories","26":"tag-voorpaginanieuws"},"share_on_mastodon":{"url":"https:\/\/pubeurope.com\/@nl\/115705267182175124","error":""},"_links":{"self":[{"href":"https:\/\/www.europesays.com\/nl\/wp-json\/wp\/v2\/posts\/81988","targetHints":{"allow":["GET"]}}],"collection":[{"href":"https:\/\/www.europesays.com\/nl\/wp-json\/wp\/v2\/posts"}],"about":[{"href":"https:\/\/www.europesays.com\/nl\/wp-json\/wp\/v2\/types\/post"}],"author":[{"embeddable":true,"href":"https:\/\/www.europesays.com\/nl\/wp-json\/wp\/v2\/users\/2"}],"replies":[{"embeddable":true,"href":"https:\/\/www.europesays.com\/nl\/wp-json\/wp\/v2\/comments?post=81988"}],"version-history":[{"count":0,"href":"https:\/\/www.europesays.com\/nl\/wp-json\/wp\/v2\/posts\/81988\/revisions"}],"wp:featuredmedia":[{"embeddable":true,"href":"https:\/\/www.europesays.com\/nl\/wp-json\/wp\/v2\/media\/81989"}],"wp:attachment":[{"href":"https:\/\/www.europesays.com\/nl\/wp-json\/wp\/v2\/media?parent=81988"}],"wp:term":[{"taxonomy":"category","embeddable":true,"href":"https:\/\/www.europesays.com\/nl\/wp-json\/wp\/v2\/categories?post=81988"},{"taxonomy":"post_tag","embeddable":true,"href":"https:\/\/www.europesays.com\/nl\/wp-json\/wp\/v2\/tags?post=81988"}],"curies":[{"name":"wp","href":"https:\/\/api.w.org\/{rel}","templated":true}]}}