{"id":82066,"date":"2025-12-12T08:25:24","date_gmt":"2025-12-12T08:25:24","guid":{"rendered":"https:\/\/www.europesays.com\/nl\/82066\/"},"modified":"2025-12-12T08:25:24","modified_gmt":"2025-12-12T08:25:24","slug":"nederland-beschermt-logistiek-knooppunt-voor-steun-aan-oekraine-nieuwsbericht","status":"publish","type":"post","link":"https:\/\/www.europesays.com\/nl\/82066\/","title":{"rendered":"Nederland beschermt logistiek knooppunt voor steun aan Oekra\u00efne | Nieuwsbericht"},"content":{"rendered":"<p>    <a class=\"swbox\" href=\"https:\/\/www.defensie.nl\/binaries\/large\/content\/gallery\/defensie\/content-afbeeldingen\/actueel\/nieuws\/2025\/12\/11\/photo-1.jpg\" rel=\"nofollow noopener\" target=\"_blank\"><br \/>\n        Vergroot afbeelding<br \/>\n    <img decoding=\"async\" class=\"hasOptions\" data-options=\"lightbox,download,share\" data-close=\"Sluiten\" data-open=\"Toon opties\" data-header=\"Delen via\" data-share=\"Deel afbeelding {afbeeldingnaam} op uw eigen account op {socialmedia}\" data-download=\"Download afbeelding\" data-enlarge=\"Vergroot afbeelding\" data-enlargeanddownload=\"Vergroten en downloaden\" data-shareplatforms=\"tw,fb,li\" data-sharemedia=\"https:\/\/www.defensie.nl\/binaries\/large\/content\/gallery\/defensie\/content-afbeeldingen\/actueel\/nieuws\/2025\/12\/11\/photo-1.jpg\" data-hresurl=\"\/binaries\/content\/gallery\/defensie\/content-afbeeldingen\/actueel\/nieuws\/2025\/12\/11\/photo-1.jpg?download\" data-hrestext=\"Download groter formaat\u00a0(764 kB)\" data-hressize=\"764 kB\" data-hresimg=\"https:\/\/www.defensie.nl\/binaries\/large\/content\/gallery\/defensie\/content-afbeeldingen\/actueel\/nieuws\/2025\/12\/11\/photo-1.jpg\" data-closeimage=\"Afbeelding sluiten\" src=\"https:\/\/www.europesays.com\/nl\/wp-content\/uploads\/2025\/12\/photo-1.jpg\" alt=\"2 militairen staan bij een luchtafweersysteem.\"\/><br \/>\n    <\/a><\/p>\n<p>Nederland beschermt het logistiek knooppunt in Polen vanwaar materiele steun naar Oekra\u00efne gaat. Dit maakt onderdeel uit van NATO Security Assistance and Training for Ukraine (NSATU). Dat co\u00f6rdineert en faciliteert het trainen van Oekra\u00efense militairen en levert militaire steun aan het land.<\/p>\n<p>Het door NAVO-landen aan Oekra\u00efne geschonken militaire materieel moet veilig de plek van bestemming bereiken. De Nederlandse luchtverdediging stelt NSATU daartoe in staat.<\/p>\n<p>Gelaagde luchtverdediging<\/p>\n<p>Het Nederlands commando omvat de volledige beveiligingstaak. Dat betekent dat de 3 verschillende capaciteiten ge\u00efntegreerd worden ingezet. Naast 2 Patriots gaat het om het Noorse Advanced Surface-to-Air Missile (Nasams) luchtafweersysteem en anti-dronesystemen. Hiermee levert Nederland samen met partners gelaagde luchtverdediging. Die wordt ingezet tegen eventuele dreigingen van ballistische raketten, kruisvluchtwapens, straaljagers, helikopters en drones.\u00a0\u00a0<\/p>\n<p>Diverse NAVO-landen rouleren bij de bescherming van het logistieke centrum. De Duitse collega\u2019s voerden de taak de afgelopen 11 maanden uit. Dat gebeurde met Noorse en Poolse partners, met een deel van de genoemde capaciteiten. Nederland beveiligt het knooppunt tot en met 1 juni 2026.\u00a0De NAVO moet nog bepalen welk land daarna aan de beurt is.<\/p>\n<p>Nederland gebruikte de periode van 1 t\/m 10 december om de taken van de Duitsers over te nemen.<\/p>\n","protected":false},"excerpt":{"rendered":"Vergroot afbeelding Nederland beschermt het logistiek knooppunt in Polen vanwaar materiele steun naar Oekra\u00efne gaat. Dit maakt onderdeel&hellip;\n","protected":false},"author":2,"featured_media":82067,"comment_status":"","ping_status":"","sticky":false,"template":"","format":"standard","meta":{"footnotes":""},"categories":[15],"tags":[39,40,48,43,44,34,35,41,42,46,47,49,45,32,33,50,36,37,38,67,64,65,66],"class_list":{"0":"post-82066","1":"post","2":"type-post","3":"status-publish","4":"format-standard","5":"has-post-thumbnail","7":"category-wereld","8":"tag-breaking-news","9":"tag-breakingnews","10":"tag-dutch","11":"tag-featured-news","12":"tag-featurednews","13":"tag-headlines","14":"tag-hoofdpunten","15":"tag-latest-news","16":"tag-latestnews","17":"tag-nederland","18":"tag-nederlanden","19":"tag-nederlands","20":"tag-netherlands","21":"tag-news","22":"tag-nieuws","23":"tag-nl","24":"tag-top-stories","25":"tag-topstories","26":"tag-voorpaginanieuws","27":"tag-wereld","28":"tag-world","29":"tag-world-news","30":"tag-worldnews"},"share_on_mastodon":{"url":"https:\/\/pubeurope.com\/@nl\/115705644841163704","error":""},"_links":{"self":[{"href":"https:\/\/www.europesays.com\/nl\/wp-json\/wp\/v2\/posts\/82066","targetHints":{"allow":["GET"]}}],"collection":[{"href":"https:\/\/www.europesays.com\/nl\/wp-json\/wp\/v2\/posts"}],"about":[{"href":"https:\/\/www.europesays.com\/nl\/wp-json\/wp\/v2\/types\/post"}],"author":[{"embeddable":true,"href":"https:\/\/www.europesays.com\/nl\/wp-json\/wp\/v2\/users\/2"}],"replies":[{"embeddable":true,"href":"https:\/\/www.europesays.com\/nl\/wp-json\/wp\/v2\/comments?post=82066"}],"version-history":[{"count":0,"href":"https:\/\/www.europesays.com\/nl\/wp-json\/wp\/v2\/posts\/82066\/revisions"}],"wp:featuredmedia":[{"embeddable":true,"href":"https:\/\/www.europesays.com\/nl\/wp-json\/wp\/v2\/media\/82067"}],"wp:attachment":[{"href":"https:\/\/www.europesays.com\/nl\/wp-json\/wp\/v2\/media?parent=82066"}],"wp:term":[{"taxonomy":"category","embeddable":true,"href":"https:\/\/www.europesays.com\/nl\/wp-json\/wp\/v2\/categories?post=82066"},{"taxonomy":"post_tag","embeddable":true,"href":"https:\/\/www.europesays.com\/nl\/wp-json\/wp\/v2\/tags?post=82066"}],"curies":[{"name":"wp","href":"https:\/\/api.w.org\/{rel}","templated":true}]}}