{"id":82211,"date":"2025-12-12T11:37:12","date_gmt":"2025-12-12T11:37:12","guid":{"rendered":"https:\/\/www.europesays.com\/nl\/82211\/"},"modified":"2025-12-12T11:37:12","modified_gmt":"2025-12-12T11:37:12","slug":"winnaar-songfestival-nemo-stuurt-trofee-terug-vanwege-deelname-israel","status":"publish","type":"post","link":"https:\/\/www.europesays.com\/nl\/82211\/","title":{"rendered":"Winnaar Songfestival Nemo stuurt trofee terug vanwege deelname Isra\u00ebl"},"content":{"rendered":"<p id=\"block-89a7c93b-ff28-40c2-bc72-286a3a5ebfcd\">De winnaar van het Eurovisie Songfestival vorig jaar, Nemo (26), stuurt diens trofee terug naar de organisator European Broadcasting Union (EBU), vanwege de deelname van Isra\u00ebl. Dat meldt de Zwitserse artiest in <a href=\"https:\/\/www.instagram.com\/p\/DSIMV83DO4d\/#\" rel=\"nofollow noopener\" target=\"_blank\">een bericht<\/a> op Instagram.<\/p>\n<p id=\"block-d7af97fe-4c52-4ed0-ab1f-38b47e1ad7d7\">\u201eEurovisie zegt dat het staat voor eenheid, inclusie en waardigheid voor iedereen. Deze waarden maakten deze wedstrijd betekenisvol voor mij\u201d, Nemo identificeert zichzelf als non-binair.<\/p>\n<p id=\"block-25c6332d-add3-4a71-a65e-bcf7c3df2480\">\u201eMaar de blijvende deelname van Isra\u00ebl, terwijl de VN-onderzoekscommissie concludeerde dat er een genocide plaatsvindt, laat een duidelijk conflict zien tussen deze idealen en de keuze die gemaakt is door de EBU.\u201d<\/p>\n<p id=\"block-660f45bf-99e8-4573-a0db-ebdbc77f460a\">Nemo Mettler, de volledige naam van de artiest, <a href=\"https:\/\/www.nrc.nl\/nieuws\/2024\/05\/12\/boegeroep-en-ongekend-veel-kritiek-klinkt-tijdens-tumultueus-songfestival-a4198576\" rel=\"nofollow noopener\" target=\"_blank\">won<\/a> het Songfestival met het nummer \u2018The Code\u2019. In het lied deelt Nemo over diens non-binaire coming-out (\u201eI went to hell and back, to find myself on track\u201d).<\/p>\n<p>Stemming deelname Isra\u00ebl<\/p>\n<p id=\"block-2d68c137-a529-4a58-aed5-50e86e966c43\">De deelname van Isra\u00ebl werd een controversieel vraagstuk onder de deelnemende landen. Vorige week besloot omroep AVROTROS dat Nederland volgend jaar niet meedoet aan het Songfestival. <\/p>\n<p id=\"block-2d68c137-a529-4a58-aed5-50e86e966c43\">Deze beslissing volgde nadat de EBU-landen in Gen\u00e8ve hadden besloten om Isra\u00ebl niet uit te sluiten van deelname bij de komende editie. Ook Spanje, Ierland, Sloveni\u00eb en IJsland kozen ervoor om zich terug te trekken.<\/p>\n<p><a class=\"dmt-article-suggestion\" href=\"https:\/\/www.nrc.nl\/nieuws\/2025\/12\/05\/nederland-doet-niet-mee-aan-het-eurovisie-songfestival-hoe-is-dat-besluit-genomen-en-wat-zijn-de-reacties-a4914562\" rel=\"nofollow noopener\" target=\"_blank\"><\/p>\n<p>\n\t\t\t\tLees ook\n\t\t\t<\/p>\n<p>Nederland doet niet mee aan het Eurovisie Songfestival: hoe is dat besluit genomen, en wat zijn de reacties?<\/p>\n<p><img decoding=\"async\" alt=\"Yuval Raphael, de Isra\u00eblische inzending op het Eurovisie Songfestival van 2025.\" class=\"dmt-article-suggestion__image\" src=\"https:\/\/www.europesays.com\/nl\/wp-content\/uploads\/2025\/12\/051225CUL_2026080901_05.jpg\"\/><br \/>\n<\/a><\/p>\n<p>Geef cadeau<\/p>\n<p>Deel<\/p>\n<p>Mail de redactie<\/p>\n<p>\nNIEUW: Geef dit artikel cadeau<br \/>\n\t\t\tAls NRC-abonnee kun je elke maand 10 artikelen cadeau geven aan iemand zonder NRC-abonnement. De ontvanger kan het artikel direct lezen, zonder betaalmuur.\n\t\t<\/p>\n<p><a aria-label=\"The Trust Project, lees meer over de journalistieke principes van NRC\" class=\"trust__message\" href=\"http:\/\/www.nrc.nl\/over-ons\/#principes\" rel=\"nofollow noopener\" target=\"_blank\"><\/p>\n<p>\tDe journalistieke principes van NRC<br \/>\n<\/a> <script async src=\"\/\/www.instagram.com\/embed.js\"><\/script><\/p>\n","protected":false},"excerpt":{"rendered":"De winnaar van het Eurovisie Songfestival vorig jaar, Nemo (26), stuurt diens trofee terug naar de organisator European&hellip;\n","protected":false},"author":2,"featured_media":82212,"comment_status":"","ping_status":"","sticky":false,"template":"","format":"standard","meta":{"footnotes":""},"categories":[25],"tags":[99,48,98,46,47,49,45,50],"class_list":{"0":"post-82211","1":"post","2":"type-post","3":"status-publish","4":"format-standard","5":"has-post-thumbnail","7":"category-amusement","8":"tag-amusement","9":"tag-dutch","10":"tag-entertainment","11":"tag-nederland","12":"tag-nederlanden","13":"tag-nederlands","14":"tag-netherlands","15":"tag-nl"},"share_on_mastodon":{"url":"https:\/\/pubeurope.com\/@nl\/115706399579709493","error":""},"_links":{"self":[{"href":"https:\/\/www.europesays.com\/nl\/wp-json\/wp\/v2\/posts\/82211","targetHints":{"allow":["GET"]}}],"collection":[{"href":"https:\/\/www.europesays.com\/nl\/wp-json\/wp\/v2\/posts"}],"about":[{"href":"https:\/\/www.europesays.com\/nl\/wp-json\/wp\/v2\/types\/post"}],"author":[{"embeddable":true,"href":"https:\/\/www.europesays.com\/nl\/wp-json\/wp\/v2\/users\/2"}],"replies":[{"embeddable":true,"href":"https:\/\/www.europesays.com\/nl\/wp-json\/wp\/v2\/comments?post=82211"}],"version-history":[{"count":0,"href":"https:\/\/www.europesays.com\/nl\/wp-json\/wp\/v2\/posts\/82211\/revisions"}],"wp:featuredmedia":[{"embeddable":true,"href":"https:\/\/www.europesays.com\/nl\/wp-json\/wp\/v2\/media\/82212"}],"wp:attachment":[{"href":"https:\/\/www.europesays.com\/nl\/wp-json\/wp\/v2\/media?parent=82211"}],"wp:term":[{"taxonomy":"category","embeddable":true,"href":"https:\/\/www.europesays.com\/nl\/wp-json\/wp\/v2\/categories?post=82211"},{"taxonomy":"post_tag","embeddable":true,"href":"https:\/\/www.europesays.com\/nl\/wp-json\/wp\/v2\/tags?post=82211"}],"curies":[{"name":"wp","href":"https:\/\/api.w.org\/{rel}","templated":true}]}}