{"id":82511,"date":"2025-12-12T17:10:09","date_gmt":"2025-12-12T17:10:09","guid":{"rendered":"https:\/\/www.europesays.com\/nl\/82511\/"},"modified":"2025-12-12T17:10:09","modified_gmt":"2025-12-12T17:10:09","slug":"rusland-stuurt-oekraiense-kinderen-naar-heropvoedingskampen-in-noord-korea","status":"publish","type":"post","link":"https:\/\/www.europesays.com\/nl\/82511\/","title":{"rendered":"Rusland stuurt Oekra\u00efense kinderen naar heropvoedingskampen in Noord-Korea"},"content":{"rendered":"<p>De Oekra\u00efense mensenrechtenorganisatie maakt melding van 165 heropvoedingskampen waar Oekra\u00efense kinderen worden &#8216;gemilitariseerd en gerussificeerd&#8217;. Een deel van deze kampen bevindt zich in Noord-Korea.<\/p>\n<p>Andere kampen zijn gevestigd in Rusland en bezette gebieden in Oekra\u00efne, zegt juridisch expert Kateryna Rasjevska van het Regionaal Centrum voor Mensenrechten in een <a href=\"https:\/\/www.appropriations.senate.gov\/imo\/media\/doc\/testimony_of_kateryna_rashevska.pdf\" target=\"_blank\" rel=\"nofollow noopener\">openbare verklaring<\/a> aan het Amerikaanse Congres.<\/p>\n<p> &#8216;Veel meer kinderen&#8217; <\/p>\n<p>Onderzoekers van de Amerikaanse denktank <a href=\"https:\/\/understandingwar.org\/research\/russia-ukraine\/russian-occupation-update-december-11-2025\/\" target=\"_blank\" rel=\"nofollow noopener\">Institute for the Study of War<\/a> verwachten dat er &#8216;veel&#8217; Oekra\u00efense kinderen naar Noord-Korea zijn gestuurd. Onduidelijk is om hoeveel kinderen het precies gaat.\u00a0<\/p>\n<p>&#8220;In het Songdowon-kamp in Noord-Korea wordt van kinderen verwacht dat ze zich gedragen als &#8216;ambassadeurs van Rusland&#8217;, zoals blijkt uit foto&#8217;s waarop ze Russische vlaggen dragen, en shirts met Russische nationale symbolen&#8221;, schrijft de denktank. &#8220;De aanwezigheid van Oekra\u00efense kinderen uit bezette gebieden in het Songdowon-kamp is waarschijnlijk onderdeel van een groeiend uitwisselingsinitiatief voor jongeren tussen Rusland en Noord-Korea.&#8221;<\/p>\n<p>Onder anderen de 12-jarige Misja uit de bezette regio Donetsk en de 16-jarige Liza uit het bezette Simferopol (op de Krim) werden naar het Songdowon-kamp gestuurd, 9000 kilometer van huis.\u00a0<\/p>\n<p><a href=\"https:\/\/news.sky.com\/story\/russia-sending-ukrainian-children-to-harmful-and-abusive-camp-in-north-korea-says-human-rights-group-13482298\" target=\"_blank\" rel=\"nofollow noopener\">Sky News meldt<\/a> dat de twee genoemde kinderen in juli en augustus in Noord-Korea verbleven, als onderdeel van een &#8216;Russisch-Koreaans vriendschapsevenement&#8217;. &#8220;Rusland gebruikt onze Oekra\u00efense kinderen in feite voor zijn propaganda&#8221;, zegt Rasjevska <a href=\"https:\/\/www.dw.com\/en\/ukrainian-children-being-sent-to-north-korea-sparks-outrage\/a-75093663\" target=\"_blank\" rel=\"nofollow noopener\">tegen Deutsche Welle<\/a>.<\/p>\n<p>De Oekra\u00efense overheid zegt dat <a href=\"https:\/\/childrenofwar.gov.ua\/\" target=\"_blank\" rel=\"nofollow noopener\">zeker 19.546 kinderen<\/a> naar Rusland zijn gedeporteerd sinds het begin van de Russische invasie in februari 2022. En dat zijn nog maar de kinderen wier namen bekend zijn. Oekra\u00efne verwacht dat het daadwerkelijke cijfer nog veel hoger ligt. De Oekra\u00efense mensenrechten-ombudsman Dmytro Loebinets schat dat het in totaal kan gaan om wel <a href=\"https:\/\/kyivindependent.com\/russia-launches-catalogue-of-ukrainian-children-for-adoption-sorted-by-eye-and-hair-color\/\" target=\"_blank\" rel=\"nofollow noopener\">150.000 kinderen<\/a>.<\/p>\n<p>Begin deze maand zei Olena Zelenska, de vrouw van president Zelensky, dat er <a href=\"https:\/\/kyivindependent.com\/ukraine-says-1-859-abducted-children-have-been-returned-zelenska-tells-paris-summit\/\" target=\"_blank\" rel=\"nofollow noopener\">1859 kinderen<\/a> zijn teruggebracht uit Rusland. \u201cVeel van de kinderen zijn wees geworden nadat hun ouders door Rusland zijn gedood&#8221;, vertelde Mykola Koeleba, hoofd van de organisatie Save Ukraine, in augustus aan RTL Nieuws.<\/p>\n<p> Kinderen terughalen uit Rusland <\/p>\n<p>&#8220;Als Rusland gebied verovert, doodt het sommige ouders, anderen worden gevangengezet. Er zijn ook kinderen bij die al voor de invasie wees waren, en Oekra\u00efne is wettelijk verantwoordelijk voor ze.&#8221;<\/p>\n<p>Save Ukraine zoekt in Rusland naar de kinderen en neemt contact met ze op. &#8220;Doordat we met de kinderen praten, kunnen we ze helpen om veilig weg te komen uit Rusland of de bezette gebieden. Wij hebben inmiddels bijna 800 kinderen gevonden en gered.&#8221;<\/p>\n<p>In de onderstaande video zie je meer over de ontvoerde kinderen.<\/p>\n<p>De kinderen krijgen uitgebreide psychologische hulp wanneer ze terugkeren, en dat is ook hard nodig, vertelt Koeleba. \u201cWant ze hebben vaak diepe trauma\u2019s opgelopen door de dood van hun ouders en hun ontvoering door de Russen. Het duurt vaak lang voordat kinderen kunnen terugkeren naar een normaal leven.\u201d<\/p>\n<p>Het zoeken naar kinderen is erg ingewikkeld, vertelt Koeleba, omdat de kinderen een Russische nationaliteit krijgen en zelfs hun namen en geboortedata worden veranderd. &#8220;De kinderen worden heropgevoed. Ze worden ge\u00efndoctrineerd. Hen wordt verteld dat Oekra\u00efne niet meer bestaat.&#8221;<\/p>\n<p> Arrestatiebevel <\/p>\n<p>In 2023 vaardigde het Internationaal Strafhof in Den Haag een arrestatiebevel uit tegen de Russische president Vladimir Poetin en de Russische kinderrechtencommissaris Maria Lvova-Belova vanwege het systematisch vervoeren van Oekra\u00efense kinderen naar Rusland.<\/p>\n<p>Noord-Korea leverde vorig jaar duizenden soldaten aan Rusland. Ze vochten in de regio Koersk tegen Oekra\u00efne, een deel van Rusland waar het Oekra\u00efense leger vorig jaar binnenviel. Inmiddels vecht Oekra\u00efne niet meer op Russisch grondgebied.<\/p>\n","protected":false},"excerpt":{"rendered":"De Oekra\u00efense mensenrechtenorganisatie maakt melding van 165 heropvoedingskampen waar Oekra\u00efense kinderen worden &#8216;gemilitariseerd en gerussificeerd&#8217;. Een deel van&hellip;\n","protected":false},"author":2,"featured_media":82512,"comment_status":"","ping_status":"","sticky":false,"template":"","format":"standard","meta":{"footnotes":""},"categories":[15],"tags":[39,40,48,43,44,34,35,41,42,46,47,49,45,32,33,50,6492,321,1374,155,36,37,1630,38,67,64,65,66],"class_list":{"0":"post-82511","1":"post","2":"type-post","3":"status-publish","4":"format-standard","5":"has-post-thumbnail","7":"category-wereld","8":"tag-breaking-news","9":"tag-breakingnews","10":"tag-dutch","11":"tag-featured-news","12":"tag-featurednews","13":"tag-headlines","14":"tag-hoofdpunten","15":"tag-latest-news","16":"tag-latestnews","17":"tag-nederland","18":"tag-nederlanden","19":"tag-nederlands","20":"tag-netherlands","21":"tag-news","22":"tag-nieuws","23":"tag-nl","24":"tag-noord-korea","25":"tag-oekraine","26":"tag-oorlog-in-oekraine","27":"tag-rusland","28":"tag-top-stories","29":"tag-topstories","30":"tag-vladimir-poetin","31":"tag-voorpaginanieuws","32":"tag-wereld","33":"tag-world","34":"tag-world-news","35":"tag-worldnews"},"share_on_mastodon":{"url":"https:\/\/pubeurope.com\/@nl\/115707709022067021","error":""},"_links":{"self":[{"href":"https:\/\/www.europesays.com\/nl\/wp-json\/wp\/v2\/posts\/82511","targetHints":{"allow":["GET"]}}],"collection":[{"href":"https:\/\/www.europesays.com\/nl\/wp-json\/wp\/v2\/posts"}],"about":[{"href":"https:\/\/www.europesays.com\/nl\/wp-json\/wp\/v2\/types\/post"}],"author":[{"embeddable":true,"href":"https:\/\/www.europesays.com\/nl\/wp-json\/wp\/v2\/users\/2"}],"replies":[{"embeddable":true,"href":"https:\/\/www.europesays.com\/nl\/wp-json\/wp\/v2\/comments?post=82511"}],"version-history":[{"count":0,"href":"https:\/\/www.europesays.com\/nl\/wp-json\/wp\/v2\/posts\/82511\/revisions"}],"wp:featuredmedia":[{"embeddable":true,"href":"https:\/\/www.europesays.com\/nl\/wp-json\/wp\/v2\/media\/82512"}],"wp:attachment":[{"href":"https:\/\/www.europesays.com\/nl\/wp-json\/wp\/v2\/media?parent=82511"}],"wp:term":[{"taxonomy":"category","embeddable":true,"href":"https:\/\/www.europesays.com\/nl\/wp-json\/wp\/v2\/categories?post=82511"},{"taxonomy":"post_tag","embeddable":true,"href":"https:\/\/www.europesays.com\/nl\/wp-json\/wp\/v2\/tags?post=82511"}],"curies":[{"name":"wp","href":"https:\/\/api.w.org\/{rel}","templated":true}]}}