{"id":82698,"date":"2025-12-12T20:36:24","date_gmt":"2025-12-12T20:36:24","guid":{"rendered":"https:\/\/www.europesays.com\/nl\/82698\/"},"modified":"2025-12-12T20:36:24","modified_gmt":"2025-12-12T20:36:24","slug":"johan-derksen-toch-aanwezig-bij-vandaag-inside-uitzendingen-vanuit-curacao","status":"publish","type":"post","link":"https:\/\/www.europesays.com\/nl\/82698\/","title":{"rendered":"Johan Derksen t\u00f3ch aanwezig bij Vandaag Inside-uitzendingen vanuit Cura\u00e7ao"},"content":{"rendered":"<p>                                Uitzenden vanuit Cura\u00e7ao<\/p>\n<p>Dat de heren van Vandaag Inside volgend jaar een paar weken vanuit Cura\u00e7ao gaan uitzenden, heeft alles te maken met de historische WK-kwalificatie van Cura\u00e7ao en bondscoach Dick Advocaat. Het land plaatste zich voor het eerst voor het WK voetbal.<\/p>\n<p>Vandaag Inside viert dat feestje graag mee. Johan Derksen was eerst minder enthousiast over het idee, maar geeft nu t\u00f3ch groen licht mocht het plan doorgaan. &#8221;Die twaalf uitzenddagen zijn wel te doen\u201d, bevestigt hij aan het AD. &#8221;Vier weken had ik te lang gevonden.\u201d<\/p>\n<p>Vandaag Inside en De Oranjezomer<\/p>\n<p>Het is de bedoeling dat zowel Vandaag Inside als <a href=\"https:\/\/www.tvgids.nl\/tag\/de-oranjezomer\" rel=\"nofollow noopener\" target=\"_blank\">De Oranjezomer<\/a> uitzendingen gaan maken op Cura\u00e7ao, in totaal vier weken. Voor de talkshows worden diverse gasten ingevlogen. De laatste reguliere aflevering van Vandaag Inside is op 15 mei te zien. Daarna vliegen de mannen over naar Cura\u00e7ao. Vandaag Inside maakt daar twee weken lang uitzendingen. Vervolgens neemt <a href=\"https:\/\/www.tvgids.nl\/tag\/helene-hendriks\" rel=\"nofollow noopener\" target=\"_blank\">H\u00e9l\u00e8ne Hendriks<\/a> het stokje over met De Oranjezomer.<\/p>\n","protected":false},"excerpt":{"rendered":"Uitzenden vanuit Cura\u00e7ao Dat de heren van Vandaag Inside volgend jaar een paar weken vanuit Cura\u00e7ao gaan uitzenden,&hellip;\n","protected":false},"author":2,"featured_media":82699,"comment_status":"","ping_status":"","sticky":false,"template":"","format":"standard","meta":{"footnotes":""},"categories":[28],"tags":[99,18570,2526,48,98,192,46,47,49,45,50,128,1142,5304,124,285,465],"class_list":{"0":"post-82698","1":"post","2":"type-post","3":"status-publish","4":"format-standard","5":"has-post-thumbnail","7":"category-tv","8":"tag-amusement","9":"tag-curaao","10":"tag-dick-advocaat","11":"tag-dutch","12":"tag-entertainment","13":"tag-johan-derksen","14":"tag-nederland","15":"tag-nederlanden","16":"tag-nederlands","17":"tag-netherlands","18":"tag-nl","19":"tag-rene-van-der-gijp","20":"tag-sbs6","21":"tag-talpa","22":"tag-tv","23":"tag-vandaag-inside","24":"tag-wilfred-genee"},"share_on_mastodon":{"url":"https:\/\/pubeurope.com\/@nl\/115708519009954017","error":""},"_links":{"self":[{"href":"https:\/\/www.europesays.com\/nl\/wp-json\/wp\/v2\/posts\/82698","targetHints":{"allow":["GET"]}}],"collection":[{"href":"https:\/\/www.europesays.com\/nl\/wp-json\/wp\/v2\/posts"}],"about":[{"href":"https:\/\/www.europesays.com\/nl\/wp-json\/wp\/v2\/types\/post"}],"author":[{"embeddable":true,"href":"https:\/\/www.europesays.com\/nl\/wp-json\/wp\/v2\/users\/2"}],"replies":[{"embeddable":true,"href":"https:\/\/www.europesays.com\/nl\/wp-json\/wp\/v2\/comments?post=82698"}],"version-history":[{"count":0,"href":"https:\/\/www.europesays.com\/nl\/wp-json\/wp\/v2\/posts\/82698\/revisions"}],"wp:featuredmedia":[{"embeddable":true,"href":"https:\/\/www.europesays.com\/nl\/wp-json\/wp\/v2\/media\/82699"}],"wp:attachment":[{"href":"https:\/\/www.europesays.com\/nl\/wp-json\/wp\/v2\/media?parent=82698"}],"wp:term":[{"taxonomy":"category","embeddable":true,"href":"https:\/\/www.europesays.com\/nl\/wp-json\/wp\/v2\/categories?post=82698"},{"taxonomy":"post_tag","embeddable":true,"href":"https:\/\/www.europesays.com\/nl\/wp-json\/wp\/v2\/tags?post=82698"}],"curies":[{"name":"wp","href":"https:\/\/api.w.org\/{rel}","templated":true}]}}