{"id":82758,"date":"2025-12-12T21:51:20","date_gmt":"2025-12-12T21:51:20","guid":{"rendered":"https:\/\/www.europesays.com\/nl\/82758\/"},"modified":"2025-12-12T21:51:20","modified_gmt":"2025-12-12T21:51:20","slug":"gelekt-nieuws-blijkt-waar-sven-mislintat-keert-terug-als-technisch-directeur","status":"publish","type":"post","link":"https:\/\/www.europesays.com\/nl\/82758\/","title":{"rendered":"Gelekt nieuws blijkt waar: Sven Mislintat keert terug als technisch directeur"},"content":{"rendered":"<p>                                                        <img loading=\"lazy\" decoding=\"async\" data-image-size=\"not_specified\" class=\"\" width=\"112\" height=\"112\" alt=\"Milan Keskin\" src=\"https:\/\/www.europesays.com\/nl\/wp-content\/uploads\/2025\/11\/w=112,h=112,quality=75,fit=cover,format=auto.png\"\/>                                                    <\/p>\n<p>                                                  <img decoding=\"async\" data-image-size=\"retina\" class=\"\" width=\"1200\" height=\"675\" alt=\"Sven Mislintat, Ajax\" src=\"https:\/\/www.europesays.com\/nl\/wp-content\/uploads\/2025\/12\/1765576280_993_w=1200,h=675,quality=75,fit=cover,format=auto.jpeg\" fetchpriority=\"high\"\/><br \/>\n                                                                                                                                                                                                        \u00a9 IMAGO\/FootballTransfers <\/p>\n<p>Waar <a href=\"https:\/\/www.footballtransfers.com\/nl\/teams\/nl\/ajax\" title=\"Ajax Amsterdam\" rel=\"nofollow noopener\" target=\"_blank\">Ajax<\/a> naarstig op zoek is naar een nieuwe technisch directeur, heeft Sven Mislintat een nieuwe functie gevonden. De voormalig directeur van Ajax gaat namelijk opnieuw aan de slag als technisch directeur. Ditmaal bij Fortuna D\u00fcsseldorf in de 2. Bundesliga, zo meldt Patrick Berger van Sky Sport.<\/p>\n<p>De kogel lijkt door de kerk bij Fortuna D\u00fcsseldorf. Mislintat heeft definitief ja gezegd tegen de club uit de 2. Bundesliga. Daarmee heeft Fortuna zijn beoogde opvolger gevonden voor Klaus Allofs. De keuze voor de voormalig &#8216;meesterscout&#8217; van Borussia Dortmund hing al even in de lucht en werd eerder op de dag al gemeld door BILD.<\/p>\n<p>Artikel gaat verder onder de video <\/p>\n<p>De doorslag viel tijdens de commissievergadering van vrijdagochtend, waar intern duidelijk werd dat Mislintat de voorkeurskandidaat is. Hoewel de handtekeningen nog ontbreken, wordt verwacht dat de laatste details na de wedstrijd tegen SV Elversberg worden afgerond. Mislintat staat klaar om het stokje over te nemen van Allofs, die formeel nog in functie is, maar zijn periode als sportief directeur ziet aflopen.<\/p>\n<p>Recente Wedstrijdresultaten &amp; Aankomend Duel Fortuna D\u00fcsseldorf<\/p>\n<tr>Datum (CompetitieThuisploegUitslagUitploeg<\/tr>\n<tr>\n<td>05 dec. 2025<\/td>\n<td>2. Bundesliga<\/td>\n<td>Fortuna D\u00fcsseldorf<\/td>\n<td>0 &#8211; 2<\/td>\n<td>Schalke 04<\/td>\n<\/tr>\n<tr>\n<td>30 nov. 2025<\/td>\n<td>2. Bundesliga<\/td>\n<td>Dynamo Dresden<\/td>\n<td>2 &#8211; 1<\/td>\n<td>Fortuna D\u00fcsseldorf<\/td>\n<\/tr>\n<tr>\n<td>22 nov. 2025<\/td>\n<td>2. Bundesliga<\/td>\n<td>Fortuna D\u00fcsseldorf<\/td>\n<td>2 &#8211; 1<\/td>\n<td>FC Magdeburg<\/td>\n<\/tr>\n<tr>\n<td>09 nov. 2025<\/td>\n<td>2. Bundesliga<\/td>\n<td>Holstein Kiel<\/td>\n<td>1 &#8211; 0<\/td>\n<td>Fortuna D\u00fcsseldorf<\/td>\n<\/tr>\n<tr>\n<td>02 nov. 2025<\/td>\n<td>2. Bundesliga<\/td>\n<td>Fortuna D\u00fcsseldorf<\/td>\n<td>1 &#8211; 1<\/td>\n<td>Kaiserslautern<\/td>\n<\/tr>\n<tr>\n<td>14 dec. 2025, 13:30<\/td>\n<td>2. Bundesliga<\/td>\n<td>SV Elversberg<\/td>\n<td>VS<\/td>\n<td>Fortuna D\u00fcsseldorf<\/td>\n<\/tr>\n<p>Nieuwe uitdaging voor Mislintat<\/p>\n<p>Voor Sven Mislintat betekent de klus bij Fortuna D\u00fcsseldorf een nieuwe uitdaging. De club staat momenteel op een zeer teleurstellende vijftiende plaats in de 2. Bundesliga en moet serieus vrezen voor degradatie naar 3. Liga. Fortuna D\u00fcsseldorf, dat speelt in de MERKUR SPIEL-ARENA, speelde in 2009 voor het laatst op het derde niveau en staat nu slechts \u00e9\u00e9n punt boven directe degradatie.\u00a0<\/p>\n<p>Mislintat zal bij Fortuna D\u00fcsseldorf de selectie moeten voorzien van een flinke kwaliteitsimpuls. Met name in de voorhoede moet er wat bij gaan komen. Met slechts dertien treffers is Fortuna D\u00fcsseldorf de minst scorende ploeg in de 2. Bundesliga. Bij Fortuna D\u00fcsseldorf komt Mislintat spelers als <a href=\"https:\/\/www.footballtransfers.com\/nl\/spelers\/jordy-wijs\" title=\"Jordy de Wijs\" data-skill=\"49.9\" data-pot=\"49.9\" data-position=\"V (C)\" data-estimates=\"\u20ac0.1M\" data-xtvrange=\"\u20ac0.1M - \u20ac0.2M\" data-team=\"Dusseldorf\" data-team-image=\"https:\/\/static.footballtransfers.com\/resources\/teams\/559.png\" data-profile-image=\"https:\/\/images.footballtransfers.com\/?url=https:\/\/static.footballtransfers.com\/resources\/players\/88552.png&amp;h=200\" data-player-tooltip=\"1\" rel=\"nofollow noopener\" target=\"_blank\">Jordy de Wijs<\/a> en <a href=\"https:\/\/www.footballtransfers.com\/nl\/spelers\/anaouar-el-azzouzi\" title=\"Anouar El Azzouzi\" data-skill=\"54.2\" data-pot=\"59.4\" data-position=\"VM,  M (C)\" data-estimates=\"\u20ac1.7M\" data-xtvrange=\"\u20ac1.4M - \u20ac2.1M\" data-team=\"Dusseldorf\" data-team-image=\"https:\/\/static.footballtransfers.com\/resources\/teams\/559.png\" data-profile-image=\"https:\/\/images.footballtransfers.com\/?url=https:\/\/static.footballtransfers.com\/resources\/players\/423091-ss.png&amp;h=200\" data-player-tooltip=\"1\" rel=\"nofollow noopener\" target=\"_blank\">Anouar El Azzouzi<\/a> teken. Ook voormalig Ajacied <a href=\"https:\/\/www.footballtransfers.com\/nl\/spelers\/christian-rasmussen\" title=\"Christian Rasmussen\" data-skill=\"53.7\" data-pot=\"60.2\" data-position=\"A (CR),  M (R)\" data-estimates=\"\u20ac1.4M\" data-xtvrange=\"\u20ac1.1M - \u20ac1.7M\" data-team=\"Dusseldorf\" data-team-image=\"https:\/\/static.footballtransfers.com\/resources\/teams\/559.png\" data-profile-image=\"https:\/\/images.footballtransfers.com\/?url=https:\/\/static.footballtransfers.com\/resources\/players\/449112-ss.png&amp;h=200\" data-player-tooltip=\"1\" rel=\"nofollow noopener\" target=\"_blank\">Christian Rasmussen<\/a>, die in Amsterdam kortstondig samenwerkte met Mislintat, staat onder contract bij Fortuna D\u00fcsseldorf.<\/p>\n","protected":false},"excerpt":{"rendered":"\u00a9 IMAGO\/FootballTransfers Waar Ajax naarstig op zoek is naar een nieuwe technisch directeur, heeft Sven Mislintat een nieuwe&hellip;\n","protected":false},"author":2,"featured_media":82759,"comment_status":"","ping_status":"","sticky":false,"template":"","format":"standard","meta":{"footnotes":""},"categories":[21],"tags":[166,1385,13153,48,165,18600,46,47,49,45,50,92,91,4240,869,868],"class_list":{"0":"post-82758","1":"post","2":"type-post","3":"status-publish","4":"format-standard","5":"has-post-thumbnail","7":"category-sport","8":"tag-ajax","9":"tag-ajax-amsterdam","10":"tag-borussia-dortmund","11":"tag-dutch","12":"tag-eredivisie","13":"tag-fortuna-dusseldorf","14":"tag-nederland","15":"tag-nederlanden","16":"tag-nederlands","17":"tag-netherlands","18":"tag-nl","19":"tag-sport","20":"tag-sports","21":"tag-sven-mislintat","22":"tag-transfernieuws","23":"tag-voetbaltransfers"},"share_on_mastodon":{"url":"https:\/\/pubeurope.com\/@nl\/115708813969633740","error":""},"_links":{"self":[{"href":"https:\/\/www.europesays.com\/nl\/wp-json\/wp\/v2\/posts\/82758","targetHints":{"allow":["GET"]}}],"collection":[{"href":"https:\/\/www.europesays.com\/nl\/wp-json\/wp\/v2\/posts"}],"about":[{"href":"https:\/\/www.europesays.com\/nl\/wp-json\/wp\/v2\/types\/post"}],"author":[{"embeddable":true,"href":"https:\/\/www.europesays.com\/nl\/wp-json\/wp\/v2\/users\/2"}],"replies":[{"embeddable":true,"href":"https:\/\/www.europesays.com\/nl\/wp-json\/wp\/v2\/comments?post=82758"}],"version-history":[{"count":0,"href":"https:\/\/www.europesays.com\/nl\/wp-json\/wp\/v2\/posts\/82758\/revisions"}],"wp:featuredmedia":[{"embeddable":true,"href":"https:\/\/www.europesays.com\/nl\/wp-json\/wp\/v2\/media\/82759"}],"wp:attachment":[{"href":"https:\/\/www.europesays.com\/nl\/wp-json\/wp\/v2\/media?parent=82758"}],"wp:term":[{"taxonomy":"category","embeddable":true,"href":"https:\/\/www.europesays.com\/nl\/wp-json\/wp\/v2\/categories?post=82758"},{"taxonomy":"post_tag","embeddable":true,"href":"https:\/\/www.europesays.com\/nl\/wp-json\/wp\/v2\/tags?post=82758"}],"curies":[{"name":"wp","href":"https:\/\/api.w.org\/{rel}","templated":true}]}}