{"id":83105,"date":"2025-12-13T11:12:11","date_gmt":"2025-12-13T11:12:11","guid":{"rendered":"https:\/\/www.europesays.com\/nl\/83105\/"},"modified":"2025-12-13T11:12:11","modified_gmt":"2025-12-13T11:12:11","slug":"rusland-meldt-twee-doden-door-droneaanval-delen-oekraine-zonder-stroom","status":"publish","type":"post","link":"https:\/\/www.europesays.com\/nl\/83105\/","title":{"rendered":"Rusland meldt twee doden door droneaanval, delen Oekra\u00efne zonder stroom"},"content":{"rendered":"<p><img alt=\"\" decoding=\"async\" loading=\"eager\" src=\"https:\/\/www.europesays.com\/nl\/wp-content\/uploads\/2025\/12\/1765624331_198_1024x576a.jpg\" class=\"sc-bcb3b750-1 cULYcE\"\/>REUTERSEen militair van de Oekra\u00efense strijdkrachten installeert anti-drone-netten boven een weg in de stad Izjoem, in de regio Charkov<\/p>\n<p>NOS Nieuws\u2022vandaag, 11:28<\/p>\n<p class=\"sc-2ea02837-0 fedhGB\" id=\"526659874623794\">Bij een droneaanval in de zuidwestelijke Russische regio Saratov zijn minstens twee mensen omgekomen, melden lokale autoriteiten. Bij de droneaanval werd onder meer een woongebouw beschadigd, zegt gouverneur Boesargin van de regio Saratov.<\/p>\n<p class=\"sc-2ea02837-0 fedhGB\" id=\"121884220517365\">Volgens het Russische ministerie van Defensie heeft Rusland vannacht 41 drones boven Russisch grondgebied neergehaald.<\/p>\n<p class=\"sc-2ea02837-0 fedhGB\" id=\"537072666275373\">In Oekra\u00efne hebben de zuidelijke havenstad Odesa en de omliggende regio te maken met grootschalige stroomuitval na een grote Russische aanval op het elektriciteitsnet in het hele land.<\/p>\n<p>Kou als wapen<\/p>\n<p class=\"sc-2ea02837-0 fedhGB\" id=\"392137098752836\">President Zelensky zegt <a href=\"https:\/\/x.com\/ZelenskyyUa\/status\/1999762185162006792\" data-tracking=\"elementType=external-link|elementId=https:\/\/x.com\/ZelenskyyUa\/status\/1999762185162006792|eventType=navigation|eventName=open\" target=\"_blank\" rel=\"nofollow\">op X<\/a> dat Rusland meer dan 450 drones en 30 raketten op Oekra\u00efne heeft afgevuurd. &#8220;De aanval trof vooral ons energiesysteem, met name het zuiden en de regio Odesa&#8221;, schrijft hij op <a href=\"https:\/\/t.me\/busargin_r\/10239\" data-tracking=\"elementType=external-link|elementId=https:\/\/t.me\/busargin_r\/10239|eventType=navigation|eventName=open\" target=\"_blank\" rel=\"nofollow\">Telegram<\/a>. Hij voegt eraan toe dat duizenden gezinnen in zeven regio&#8217;s in Oekra\u00efne zonder stroom zitten.<\/p>\n<p class=\"sc-2ea02837-0 fedhGB\" id=\"960771931248500\">Volgens vicepremier Koeleba hebben ook energiecentrales in de regio&#8217;s Tsjernihiv, Mykolajiv en Kropyvnytsky schade opgelopen.<\/p>\n<p class=\"sc-2ea02837-0 fedhGB\" id=\"306764229721804\">Sinds de invasie in 2022 richt Rusland zich regelmatig op het Oekra\u00efense energiesysteem, met dagelijks urenlange stroomuitval tot gevolg in het hele land. Oekra\u00efne en zijn westerse bondgenoten zeggen dat Rusland het Oekra\u00efense elektriciteitsnet voor de vierde winter op rij probeert lam te leggen om zo de kou als wapen in te zetten.<\/p>\n<p>Oekra\u00efnetop<\/p>\n<p class=\"sc-2ea02837-0 fedhGB\" id=\"335412683673318\">Tegelijk gaan de door de VS geleide vredesbesprekingen over een einde aan de oorlog door. De VS, Oekra\u00efne en andere Europese landen onderhandelen nog altijd over wat er in hun gezamenlijke plan voor een einde aan de oorlog in Oekra\u00efne moet staan. Tot nu toe is er nog geen akkoord gesloten.<\/p>\n<p class=\"sc-2ea02837-0 fedhGB\" id=\"245355261842925\">Maandag wordt in Berlijn <a data-tracking=\"elementType=page|elementId=https:\/\/nos.nl\/artikel\/2594330-maandag-oekrainetop-in-berlijn-onzeker-of-amerikanen-aanschuiven|eventType=navigation|eventName=open\" target=\"_self\" href=\"https:\/\/nos.nl\/artikel\/2594330-maandag-oekrainetop-in-berlijn-onzeker-of-amerikanen-aanschuiven\" rel=\"nofollow noopener\">een Oekra\u00efnetop<\/a> gehouden waarbij Europese leiders, de top van de NAVO en EU en president Zelensky aanwezig zullen zijn. Het is nog niet zeker wie de VS naar Berlijn stuurt.<\/p>\n","protected":false},"excerpt":{"rendered":"REUTERSEen militair van de Oekra\u00efense strijdkrachten installeert anti-drone-netten boven een weg in de stad Izjoem, in de regio&hellip;\n","protected":false},"author":2,"featured_media":83106,"comment_status":"","ping_status":"","sticky":false,"template":"","format":"standard","meta":{"footnotes":""},"categories":[15],"tags":[39,40,48,43,44,34,35,41,42,46,47,49,45,32,33,50,18656,321,155,18654,36,37,18655,38,67,64,65,66],"class_list":{"0":"post-83105","1":"post","2":"type-post","3":"status-publish","4":"format-standard","5":"has-post-thumbnail","7":"category-wereld","8":"tag-breaking-news","9":"tag-breakingnews","10":"tag-dutch","11":"tag-featured-news","12":"tag-featurednews","13":"tag-headlines","14":"tag-hoofdpunten","15":"tag-latest-news","16":"tag-latestnews","17":"tag-nederland","18":"tag-nederlanden","19":"tag-nederlands","20":"tag-netherlands","21":"tag-news","22":"tag-nieuws","23":"tag-nl","24":"tag-odesa","25":"tag-oekraine","26":"tag-rusland","27":"tag-stroomvoorziening","28":"tag-top-stories","29":"tag-topstories","30":"tag-uitval","31":"tag-voorpaginanieuws","32":"tag-wereld","33":"tag-world","34":"tag-world-news","35":"tag-worldnews"},"share_on_mastodon":{"url":"https:\/\/pubeurope.com\/@nl\/115711963804650841","error":""},"_links":{"self":[{"href":"https:\/\/www.europesays.com\/nl\/wp-json\/wp\/v2\/posts\/83105","targetHints":{"allow":["GET"]}}],"collection":[{"href":"https:\/\/www.europesays.com\/nl\/wp-json\/wp\/v2\/posts"}],"about":[{"href":"https:\/\/www.europesays.com\/nl\/wp-json\/wp\/v2\/types\/post"}],"author":[{"embeddable":true,"href":"https:\/\/www.europesays.com\/nl\/wp-json\/wp\/v2\/users\/2"}],"replies":[{"embeddable":true,"href":"https:\/\/www.europesays.com\/nl\/wp-json\/wp\/v2\/comments?post=83105"}],"version-history":[{"count":0,"href":"https:\/\/www.europesays.com\/nl\/wp-json\/wp\/v2\/posts\/83105\/revisions"}],"wp:featuredmedia":[{"embeddable":true,"href":"https:\/\/www.europesays.com\/nl\/wp-json\/wp\/v2\/media\/83106"}],"wp:attachment":[{"href":"https:\/\/www.europesays.com\/nl\/wp-json\/wp\/v2\/media?parent=83105"}],"wp:term":[{"taxonomy":"category","embeddable":true,"href":"https:\/\/www.europesays.com\/nl\/wp-json\/wp\/v2\/categories?post=83105"},{"taxonomy":"post_tag","embeddable":true,"href":"https:\/\/www.europesays.com\/nl\/wp-json\/wp\/v2\/tags?post=83105"}],"curies":[{"name":"wp","href":"https:\/\/api.w.org\/{rel}","templated":true}]}}