{"id":8456,"date":"2025-09-29T13:12:09","date_gmt":"2025-09-29T13:12:09","guid":{"rendered":"https:\/\/www.europesays.com\/nl\/8456\/"},"modified":"2025-09-29T13:12:09","modified_gmt":"2025-09-29T13:12:09","slug":"eo-human-en-vpro-gaan-samen-op-in-een-omroephuis","status":"publish","type":"post","link":"https:\/\/www.europesays.com\/nl\/8456\/","title":{"rendered":"EO, HUMAN en VPRO gaan samen op in \u00e9\u00e9n omroephuis"},"content":{"rendered":"<p>De EO, HUMAN en de VPRO gaan samen verder in \u00e9\u00e9n omroephuis. Vanaf 1 januari 2029 hebben de drie losse omroepen nog maar \u00e9\u00e9n Raad van Toezicht, in plaats van de huidige drie nu. Het omroephuis gaat \u2018Het Huis van de Verdieping\u2019 heten. \u201cIn de toekomst trekken wij op in onder meer bedrijfsvoering, innovatie en kennisontwikkeling, met behoud van eigen signatuur en programmering\u201d, zeggen de drie omroepen.<\/p>\n<p>Toenmalig minister Bruins van Media maakte\u00a0<a href=\"https:\/\/www.radiofreak.nl\/minister-wil-van-elf-omroepen-naar-vijf-omroephuizen\/\" rel=\"nofollow noopener\" target=\"_blank\">dit voorjaar bekend<\/a>\u00a0dat hij af wil van alle losse omroepen en in de toekomst met vier of vijf omroephuizen wil gaan werken. De minister wil een einde maken aan het huidige omroepstelsel dat volgens diverse onderzoeken al jaren niet meer werkt.<\/p>\n<p>Radioprogramma\u2019s<\/p>\n<p>\u201cDe EO, HUMAN en de VPRO willen een onafhankelijke, innovatieve positie innemen in het bestel\u201d, schrijven de omroepen. Zij maken nu op de radio programma\u2019s als \u20183voor12 Radio\u2019 op 3FM, \u2018Martine in de Middag\u2019 op Radio 2, \u2018Dit is de Dag\u2019, \u2018Bureau Buitenland\u2019 en \u2018Argos\u2019 op Radio 1, en \u2018Open Huis\u2019 en \u2018Muzikale Fruitmand\u2019 op Radio 5.<\/p>\n<p>De omroepen: \u201cHet medialandschap verandert snel: lineair kijken neemt af, algoritmes bepalen steeds vaker wat zichtbaar is. Door gezamenlijk te investeren in nieuwe vormen van storytelling en het bouwen van communities blijven we betekenisvolle verhalen brengen \u2013 digitaal \u00e9n fysiek.\u201d<\/p>\n<p>Eerder werd al bekend dat AVROTROS en PowNed <a href=\"https:\/\/www.radiofreak.nl\/avrotros-en-powned-gaan-samen-op-in-een-omroephuis\/\" rel=\"nofollow noopener\" target=\"_blank\">samengaan in \u00e9\u00e9n omroephuis<\/a>.<\/p>\n<p class=\"image-credits\">Foto: EO, VPRO en HUMAN<\/p>\n","protected":false},"excerpt":{"rendered":"De EO, HUMAN en de VPRO gaan samen verder in \u00e9\u00e9n omroephuis. Vanaf 1 januari 2029 hebben de&hellip;\n","protected":false},"author":2,"featured_media":8457,"comment_status":"","ping_status":"","sticky":false,"template":"","format":"standard","meta":{"footnotes":""},"categories":[27],"tags":[99,48,98,120,121,46,47,49,45,50],"class_list":{"0":"post-8456","1":"post","2":"type-post","3":"status-publish","4":"format-standard","5":"has-post-thumbnail","7":"category-muziek","8":"tag-amusement","9":"tag-dutch","10":"tag-entertainment","11":"tag-music","12":"tag-muziek","13":"tag-nederland","14":"tag-nederlanden","15":"tag-nederlands","16":"tag-netherlands","17":"tag-nl"},"share_on_mastodon":{"url":"","error":""},"_links":{"self":[{"href":"https:\/\/www.europesays.com\/nl\/wp-json\/wp\/v2\/posts\/8456","targetHints":{"allow":["GET"]}}],"collection":[{"href":"https:\/\/www.europesays.com\/nl\/wp-json\/wp\/v2\/posts"}],"about":[{"href":"https:\/\/www.europesays.com\/nl\/wp-json\/wp\/v2\/types\/post"}],"author":[{"embeddable":true,"href":"https:\/\/www.europesays.com\/nl\/wp-json\/wp\/v2\/users\/2"}],"replies":[{"embeddable":true,"href":"https:\/\/www.europesays.com\/nl\/wp-json\/wp\/v2\/comments?post=8456"}],"version-history":[{"count":0,"href":"https:\/\/www.europesays.com\/nl\/wp-json\/wp\/v2\/posts\/8456\/revisions"}],"wp:featuredmedia":[{"embeddable":true,"href":"https:\/\/www.europesays.com\/nl\/wp-json\/wp\/v2\/media\/8457"}],"wp:attachment":[{"href":"https:\/\/www.europesays.com\/nl\/wp-json\/wp\/v2\/media?parent=8456"}],"wp:term":[{"taxonomy":"category","embeddable":true,"href":"https:\/\/www.europesays.com\/nl\/wp-json\/wp\/v2\/categories?post=8456"},{"taxonomy":"post_tag","embeddable":true,"href":"https:\/\/www.europesays.com\/nl\/wp-json\/wp\/v2\/tags?post=8456"}],"curies":[{"name":"wp","href":"https:\/\/api.w.org\/{rel}","templated":true}]}}