{"id":84590,"date":"2025-12-15T03:59:17","date_gmt":"2025-12-15T03:59:17","guid":{"rendered":"https:\/\/www.europesays.com\/nl\/84590\/"},"modified":"2025-12-15T03:59:17","modified_gmt":"2025-12-15T03:59:17","slug":"tv-programma-haalt-ruim-3-miljoen-euro-op-voor-oekraine","status":"publish","type":"post","link":"https:\/\/www.europesays.com\/nl\/84590\/","title":{"rendered":"Tv-programma haalt ruim 3 miljoen euro op voor Oekra\u00efne"},"content":{"rendered":"<p data-testid=\"paragraph\" class=\"sc-15e7b36-0 fpBaxy\">Het televisie-programma Even tot Hier heeft ruim drie miljoen euro ingezameld voor Oekra\u00efne. Met dat geld kunnen ambulances en medische spullen gekocht worden.<\/p>\n<p data-testid=\"paragraph\" class=\"sc-15e7b36-0 fpBaxy\">In het tv-programma vertellen presentatoren Niels van der Laan en Jeroen Woe het nieuws van de week met grapjes en muziek. In de eerste uitzending van dit seizoen startten de presentatoren een inzamelingsactie, samen met een man uit Oekra\u00efne.<\/p>\n<p data-testid=\"paragraph\" class=\"sc-15e7b36-0 fpBaxy\">En dat was dus een succes. In totaal werd er 3.182.651 euro opgehaald. Het geld is voor een stichting die ambulances naar Oekra\u00efne stuurt.<\/p>\n<blockquote class=\"sc-e9bc1db7-1 bOqpGq\"><p>We hoopten natuurlijk een mooi bedrag bij elkaar te krijgen, maar dit overtreft alle verwachtingen.<\/p><\/blockquote>\n<p>presentator Niels van der Laan<\/p>\n<p data-testid=\"paragraph\" class=\"sc-15e7b36-0 fpBaxy\">Met het gedoneerde geld zijn al negentien ambulances gekocht. Ze worden gebruikt in de oorlog tegen Rusland.<\/p>\n<p>Oorlog<\/p>\n<p data-testid=\"paragraph\" class=\"sc-15e7b36-0 fpBaxy\">Al meer dan 3,5 jaar is het oorlog in Oekra\u00efne. Russische en Oekra\u00efense soldaten vechten nu vooral in het oosten van Oekra\u00efne.<\/p>\n<p data-testid=\"paragraph\" class=\"sc-15e7b36-0 fpBaxy\">Aan beide kanten zijn al veel doden gevallen, maar vooral Oekra\u00efne heeft het zwaar. Het lijkt erop dat Rusland steeds meer land inpikt.<\/p>\n","protected":false},"excerpt":{"rendered":"Het televisie-programma Even tot Hier heeft ruim drie miljoen euro ingezameld voor Oekra\u00efne. Met dat geld kunnen ambulances&hellip;\n","protected":false},"author":2,"featured_media":83683,"comment_status":"","ping_status":"","sticky":false,"template":"","format":"standard","meta":{"footnotes":""},"categories":[5],"tags":[18748,39,40,48,11178,43,44,34,35,41,42,46,47,49,45,32,33,50,321,36,37,38],"class_list":{"0":"post-84590","1":"post","2":"type-post","3":"status-publish","4":"format-standard","5":"has-post-thumbnail","7":"category-hoofdpunten","8":"tag-ambulances","9":"tag-breaking-news","10":"tag-breakingnews","11":"tag-dutch","12":"tag-even-tot-hier","13":"tag-featured-news","14":"tag-featurednews","15":"tag-headlines","16":"tag-hoofdpunten","17":"tag-latest-news","18":"tag-latestnews","19":"tag-nederland","20":"tag-nederlanden","21":"tag-nederlands","22":"tag-netherlands","23":"tag-news","24":"tag-nieuws","25":"tag-nl","26":"tag-oekraine","27":"tag-top-stories","28":"tag-topstories","29":"tag-voorpaginanieuws"},"share_on_mastodon":{"url":"https:\/\/pubeurope.com\/@nl\/115721585467705203","error":""},"_links":{"self":[{"href":"https:\/\/www.europesays.com\/nl\/wp-json\/wp\/v2\/posts\/84590","targetHints":{"allow":["GET"]}}],"collection":[{"href":"https:\/\/www.europesays.com\/nl\/wp-json\/wp\/v2\/posts"}],"about":[{"href":"https:\/\/www.europesays.com\/nl\/wp-json\/wp\/v2\/types\/post"}],"author":[{"embeddable":true,"href":"https:\/\/www.europesays.com\/nl\/wp-json\/wp\/v2\/users\/2"}],"replies":[{"embeddable":true,"href":"https:\/\/www.europesays.com\/nl\/wp-json\/wp\/v2\/comments?post=84590"}],"version-history":[{"count":0,"href":"https:\/\/www.europesays.com\/nl\/wp-json\/wp\/v2\/posts\/84590\/revisions"}],"wp:featuredmedia":[{"embeddable":true,"href":"https:\/\/www.europesays.com\/nl\/wp-json\/wp\/v2\/media\/83683"}],"wp:attachment":[{"href":"https:\/\/www.europesays.com\/nl\/wp-json\/wp\/v2\/media?parent=84590"}],"wp:term":[{"taxonomy":"category","embeddable":true,"href":"https:\/\/www.europesays.com\/nl\/wp-json\/wp\/v2\/categories?post=84590"},{"taxonomy":"post_tag","embeddable":true,"href":"https:\/\/www.europesays.com\/nl\/wp-json\/wp\/v2\/tags?post=84590"}],"curies":[{"name":"wp","href":"https:\/\/api.w.org\/{rel}","templated":true}]}}