{"id":84806,"date":"2025-12-15T11:01:14","date_gmt":"2025-12-15T11:01:14","guid":{"rendered":"https:\/\/www.europesays.com\/nl\/84806\/"},"modified":"2025-12-15T11:01:14","modified_gmt":"2025-12-15T11:01:14","slug":"bus-met-scholieren-stort-in-ravijn-in-colombia-zeker-17-doden","status":"publish","type":"post","link":"https:\/\/www.europesays.com\/nl\/84806\/","title":{"rendered":"Bus met scholieren stort in ravijn in Colombia, zeker 17 doden"},"content":{"rendered":"<p><img alt=\"\" decoding=\"async\" loading=\"eager\" src=\"https:\/\/www.europesays.com\/nl\/wp-content\/uploads\/2025\/12\/1765796474_473_1024x576a.jpg\" class=\"sc-bcb3b750-1 cULYcE\"\/>AFPForensische onderzoekers bij de bus<\/p>\n<p>NOS Nieuws\u2022vandaag, 10:12<\/p>\n<p class=\"sc-2ea02837-0 fedhGB\" id=\"456006142459656\">In de Colombiaanse regio Antioquia is gisterochtend lokale tijd een bus met scholieren van een klif afgereden. Zeker zestien leerlingen en de buschauffeur kwamen daarbij om het leven.<\/p>\n<p class=\"sc-2ea02837-0 fedhGB\" id=\"200864760641203\">Nog eens twintig mensen raakten gewond, van wie drie zwaargewond. De slachtoffers zijn naar het ziekenhuis in de stad Medell\u00edn gebracht, meldt <a href=\"https:\/\/x.com\/AndresJRendonC\/status\/2000338149503811706?s=20\" data-tracking=\"elementType=external-link|elementId=https:\/\/x.com\/AndresJRendonC\/status\/2000338149503811706?s20|eventType=navigation|eventName=open\" target=\"_blank\" rel=\"nofollow\">gouverneur Andr\u00e9s Juli\u00e1n Rend\u00f3n<\/a>. &#8220;Dit is zeer triest nieuws voor de hele stad, zeker tijdens de feestdagen. Moge God hen troost en vrede schenken!&#8221;, schrijft Rend\u00f3n.<\/p>\n<p class=\"sc-2ea02837-0 fedhGB\" id=\"109897537137070\">De bus was onderweg van de kustgemeente Tol\u00fa naar Medell\u00edn. In de bus zaten middelbare scholieren die op het strand waren geweest voor hun diploma-uitreiking.<\/p>\n<p>60 meter naar beneden gestort<\/p>\n<p class=\"sc-2ea02837-0 fedhGB\" id=\"833975050880010\">Een leerling wist uit de bus te ontsnappen en hulp in te roepen, vertelt Rend\u00f3n aan <a href=\"https:\/\/www.noticiascaracol.com\/colombia\/los-rostros-de-los-jovenes-que-murieron-en-accidente-de-bus-en-antioquia-rg10\" data-tracking=\"elementType=external-link|elementId=https:\/\/www.noticiascaracol.com\/colombia\/los-rostros-de-los-jovenes-que-murieron-en-accidente-de-bus-en-antioquia-rg10|eventType=navigation|eventName=open\" target=\"_blank\" rel=\"nofollow noopener\">lokale media<\/a>. Een andere scholier die het ongeluk heeft overleefd, zegt dat op het moment van de crash alle studenten sliepen. De bus zou zo&#8217;n zestig meter naar beneden zijn gestort in een ravijn.<\/p>\n<p class=\"sc-2ea02837-0 fedhGB\" id=\"272013254976858\">&#8220;Ik vind het vreselijk als jonge mensen sterven. Vooral als ze op het punt staan te studeren of een gelukkig leven te leiden&#8221;, schrijft president <a href=\"https:\/\/x.com\/petrogustavo\/status\/2000313703607234943?s=20\" data-tracking=\"elementType=external-link|elementId=https:\/\/x.com\/petrogustavo\/status\/2000313703607234943?s20|eventType=navigation|eventName=open\" target=\"_blank\" rel=\"nofollow\">Gustavo Petro<\/a> op X. Hij uit zijn medeleven met de families. &#8220;Dit is slecht nieuws in ons land.&#8221;<\/p>\n<p class=\"sc-2ea02837-0 fedhGB\" id=\"463284957346935\">Het is nog onduidelijk hoe het ongeluk heeft kunnen gebeuren. Het <a href=\"https:\/\/x.com\/MinTransporteCo\/status\/2000237985934217537?s=20\" data-tracking=\"elementType=external-link|elementId=https:\/\/x.com\/MinTransporteCo\/status\/2000237985934217537?s20|eventType=navigation|eventName=open\" target=\"_blank\" rel=\"nofollow\">ministerie van Transport<\/a> zegt te ondersteunen in de co\u00f6rdinatie van hulpdiensten op de plek van het ongeluk.<\/p>\n","protected":false},"excerpt":{"rendered":"AFPForensische onderzoekers bij de bus NOS Nieuws\u2022vandaag, 10:12 In de Colombiaanse regio Antioquia is gisterochtend lokale tijd een&hellip;\n","protected":false},"author":2,"featured_media":84807,"comment_status":"","ping_status":"","sticky":false,"template":"","format":"standard","meta":{"footnotes":""},"categories":[15],"tags":[18962,39,40,1915,2622,48,43,44,34,35,41,42,46,47,49,45,32,33,50,36,37,38,67,64,65,66],"class_list":{"0":"post-84806","1":"post","2":"type-post","3":"status-publish","4":"format-standard","5":"has-post-thumbnail","7":"category-wereld","8":"tag-antioquia","9":"tag-breaking-news","10":"tag-breakingnews","11":"tag-bus","12":"tag-colombia","13":"tag-dutch","14":"tag-featured-news","15":"tag-featurednews","16":"tag-headlines","17":"tag-hoofdpunten","18":"tag-latest-news","19":"tag-latestnews","20":"tag-nederland","21":"tag-nederlanden","22":"tag-nederlands","23":"tag-netherlands","24":"tag-news","25":"tag-nieuws","26":"tag-nl","27":"tag-top-stories","28":"tag-topstories","29":"tag-voorpaginanieuws","30":"tag-wereld","31":"tag-world","32":"tag-world-news","33":"tag-worldnews"},"share_on_mastodon":{"url":"https:\/\/pubeurope.com\/@nl\/115723245025520893","error":""},"_links":{"self":[{"href":"https:\/\/www.europesays.com\/nl\/wp-json\/wp\/v2\/posts\/84806","targetHints":{"allow":["GET"]}}],"collection":[{"href":"https:\/\/www.europesays.com\/nl\/wp-json\/wp\/v2\/posts"}],"about":[{"href":"https:\/\/www.europesays.com\/nl\/wp-json\/wp\/v2\/types\/post"}],"author":[{"embeddable":true,"href":"https:\/\/www.europesays.com\/nl\/wp-json\/wp\/v2\/users\/2"}],"replies":[{"embeddable":true,"href":"https:\/\/www.europesays.com\/nl\/wp-json\/wp\/v2\/comments?post=84806"}],"version-history":[{"count":0,"href":"https:\/\/www.europesays.com\/nl\/wp-json\/wp\/v2\/posts\/84806\/revisions"}],"wp:featuredmedia":[{"embeddable":true,"href":"https:\/\/www.europesays.com\/nl\/wp-json\/wp\/v2\/media\/84807"}],"wp:attachment":[{"href":"https:\/\/www.europesays.com\/nl\/wp-json\/wp\/v2\/media?parent=84806"}],"wp:term":[{"taxonomy":"category","embeddable":true,"href":"https:\/\/www.europesays.com\/nl\/wp-json\/wp\/v2\/categories?post=84806"},{"taxonomy":"post_tag","embeddable":true,"href":"https:\/\/www.europesays.com\/nl\/wp-json\/wp\/v2\/tags?post=84806"}],"curies":[{"name":"wp","href":"https:\/\/api.w.org\/{rel}","templated":true}]}}