{"id":84984,"date":"2025-12-15T14:40:10","date_gmt":"2025-12-15T14:40:10","guid":{"rendered":"https:\/\/www.europesays.com\/nl\/84984\/"},"modified":"2025-12-15T14:40:10","modified_gmt":"2025-12-15T14:40:10","slug":"ik-heb-jaren-zo-geleefd","status":"publish","type":"post","link":"https:\/\/www.europesays.com\/nl\/84984\/","title":{"rendered":"&#8216;Ik heb jaren zo geleefd&#8217;"},"content":{"rendered":"\n<p>&#8220;Met het blote oog is het niet te zien, maar als je dat onder een microscoop ziet&#8230; gadver&#8221;<\/p>\n<p>&#8220;Ik had een periode van twee\u00ebnhalf jaar waarin ik ineens struggelde met allergie\u00ebn. Ik kreeg uitslag&#8221;, blikt Estelle terug. Het opende haar ogen. &#8220;Toen ging ik naar een arts in het AMC en heb ik alles laten testen.&#8221; Zo moest de blondine bijhouden wat ze at en waarmee haar huid in contact kwam.\u00a0<\/p>\n<p>Het leverde verrassende inzichten op. Toen haar lichaam letterlijk begon te protesteren, wierp Estelle een blik op de producten die ze gebruikte. &#8220;Ik dacht: o jeetje&#8230; je huid is je grootste orgaan. Ik had helemaal niet door dat als ik een bodylotion opdeed, dat meteen zo door mijn bloedbaan zou gaan.&#8221;\u00a0<\/p>\n<p>Estelle dook vervolgens in de wereld van schoonmaakmiddelen en probiotica. &#8220;Dit moet met een arts in een laboratorium uitgezocht worden, want wat gebeurt er als je met probiotica schoonmaakt en wat als je dat niet doet?&#8221; Het resultaat vond ze schokkend. Door chemische schoonmaakmiddelen worden ook goede bacteri\u00ebn vernietigd. &#8220;Als je niet met probiotica schoonmaakt zie je al die bacteri\u00ebn groeien en met probiotica [in een product] zie je dat de slechte bacteri\u00ebn zich niet kunnen vermenigvuldigen.&#8221;\u00a0<\/p>\n<p>Estelle &#8216;walgde&#8217; van wat ze aantrof onder de microscoop. &#8220;Met het blote oog is het niet te zien, maar als je dat onder een microscoop ziet&#8230; gadver.&#8221; Zo ontstond het idee voor een eigen lijn met schoonmaakmiddelen die ook goed zijn voor de huid en gezondheid. De chemische schoonmaakmiddelen zijn verleden tijd. &#8220;Ik heb gewoon jaren zo geleefd. Zo schoon en toch ook niet.&#8221;<\/p>\n<p>De hele aflevering van Bridget&amp; met Estelle bekijk je hieronder.<\/p>\n","protected":false},"excerpt":{"rendered":"&#8220;Met het blote oog is het niet te zien, maar als je dat onder een microscoop ziet&#8230; gadver&#8221;&hellip;\n","protected":false},"author":2,"featured_media":84985,"comment_status":"","ping_status":"","sticky":false,"template":"","format":"standard","meta":{"footnotes":""},"categories":[25],"tags":[99,4093,48,98,12019,46,47,49,45,50],"class_list":{"0":"post-84984","1":"post","2":"type-post","3":"status-publish","4":"format-standard","5":"has-post-thumbnail","7":"category-amusement","8":"tag-amusement","9":"tag-bridget-maasland","10":"tag-dutch","11":"tag-entertainment","12":"tag-estelle-cruijff","13":"tag-nederland","14":"tag-nederlanden","15":"tag-nederlands","16":"tag-netherlands","17":"tag-nl"},"share_on_mastodon":{"url":"https:\/\/pubeurope.com\/@nl\/115724106034859268","error":""},"_links":{"self":[{"href":"https:\/\/www.europesays.com\/nl\/wp-json\/wp\/v2\/posts\/84984","targetHints":{"allow":["GET"]}}],"collection":[{"href":"https:\/\/www.europesays.com\/nl\/wp-json\/wp\/v2\/posts"}],"about":[{"href":"https:\/\/www.europesays.com\/nl\/wp-json\/wp\/v2\/types\/post"}],"author":[{"embeddable":true,"href":"https:\/\/www.europesays.com\/nl\/wp-json\/wp\/v2\/users\/2"}],"replies":[{"embeddable":true,"href":"https:\/\/www.europesays.com\/nl\/wp-json\/wp\/v2\/comments?post=84984"}],"version-history":[{"count":0,"href":"https:\/\/www.europesays.com\/nl\/wp-json\/wp\/v2\/posts\/84984\/revisions"}],"wp:featuredmedia":[{"embeddable":true,"href":"https:\/\/www.europesays.com\/nl\/wp-json\/wp\/v2\/media\/84985"}],"wp:attachment":[{"href":"https:\/\/www.europesays.com\/nl\/wp-json\/wp\/v2\/media?parent=84984"}],"wp:term":[{"taxonomy":"category","embeddable":true,"href":"https:\/\/www.europesays.com\/nl\/wp-json\/wp\/v2\/categories?post=84984"},{"taxonomy":"post_tag","embeddable":true,"href":"https:\/\/www.europesays.com\/nl\/wp-json\/wp\/v2\/tags?post=84984"}],"curies":[{"name":"wp","href":"https:\/\/api.w.org\/{rel}","templated":true}]}}