{"id":86070,"date":"2025-12-16T16:50:36","date_gmt":"2025-12-16T16:50:36","guid":{"rendered":"https:\/\/www.europesays.com\/nl\/86070\/"},"modified":"2025-12-16T16:50:36","modified_gmt":"2025-12-16T16:50:36","slug":"in-het-spoor-van-de-bevroren-russische-tegoeden","status":"publish","type":"post","link":"https:\/\/www.europesays.com\/nl\/86070\/","title":{"rendered":"in het spoor van de bevroren Russische tegoeden"},"content":{"rendered":"<p><img alt=\"\" decoding=\"async\" loading=\"eager\" src=\"https:\/\/www.europesays.com\/nl\/wp-content\/uploads\/2025\/12\/1765903836_429_1024x576a.jpg\" class=\"sc-bcb3b750-1 cULYcE\"\/>ANP<\/p>\n<p>NOS Nieuws\u2022gisteren, 13:24<\/p>\n<p class=\"sc-2ea02837-0 fedhGB\" id=\"760383393586365\">De Europese Unie staat op het punt een besluit te nemen met mogelijk grote politieke en juridische gevolgen. Het gaat om meer dan 200 miljard euro aan bevroren Russische \u00adtegoeden, vastgezet na de inval in Oekra\u00efne. Het grootste deel daarvan ligt bij Euroclear in Belgi\u00eb, een cruciale schakel in het internationale financi\u00eble systeem.<\/p>\n<p class=\"sc-2ea02837-0 fedhGB\" id=\"153585832753221\">Europa wil het bevroren kapitaal inzetten als onderpand voor een grote renteloze lening aan Oekra\u00efne, zonder het formeel te confisqueren. Dat roept fundamentele vragen op. Want mag dat wel? En wat zijn de risico&#8217;s?<\/p>\n<p class=\"sc-2ea02837-0 fedhGB\" id=\"813409472704636\">Belgi\u00eb waarschuwt voor juridische claims uit Moskou en voor schade aan het vertrouwen in Europa als veilige plek om staatsreserves te parkeren. Rusland heeft inmiddels een schadeclaim van 195 miljard euro ingediend tegen Euroclear.<\/p>\n<p class=\"sc-2ea02837-0 fedhGB\" id=\"409720971965714\">Voorstanders zeggen: Oekra\u00efne heeft dit geld dringend nodig en Rusland zal als veroorzaker van deze oorlog de enorme schade toch zelf moeten vergoeden. Tegenstanders vrezen een gevaarlijk precedent.<\/p>\n<p class=\"sc-2ea02837-0 fedhGB\" id=\"961110390176910\">In deze podcast volgen we het spoor van de tegoeden. Waar komt dat geld vandaan, waarom staat er zoveel van in Belgi\u00eb en waar wil de EU het voor gebruiken? Ook onderzoeken we met sanctierechtadvocaat Heleen op de Linden en EU-correspondent Kysia Hekster wat er juridisch en geopolitiek op het spel staat: helpt Europa Oekra\u00efne hiermee vooruit, of zet het zijn eigen rechtsorde en financi\u00eble geloofwaardigheid onder druk?<\/p>\n<p class=\"sc-2ea02837-0 fedhGB\" id=\"2208095966430\">Presentatie en montage: Jeroen de Jager<\/p>\n<p class=\"sc-2ea02837-0 fedhGB\" id=\"270080020105438\">Redactie: Judith van de Hulsbeek<\/p>\n<p class=\"sc-2ea02837-0 fedhGB\" id=\"678076613761820\">Deze aflevering van De Dag kun je <a href=\"https:\/\/pod.link\/1339219119\" data-tracking=\"elementType=external-link|elementId=https:\/\/pod.link\/1339219119|eventType=navigation|eventName=open\" target=\"_blank\" rel=\"nofollow noopener\">hier<\/a> beluisteren. Bevalt het? Vergeet je dan niet te abonneren!<\/p>\n<p>Onze podcasts:<\/p>\n<p class=\"sc-2ea02837-0 fedhGB\" id=\"288912313916994\"><a href=\"https:\/\/www.nporadio1.nl\/podcasts\/de-dag\" data-tracking=\"elementType=external-link|elementId=https:\/\/www.nporadio1.nl\/podcasts\/de-dag|eventType=navigation|eventName=open\" target=\"_blank\" rel=\"nofollow noopener\">De Dag<\/a>: elke werkdag 20 minuten verdieping bij \u00e9\u00e9n onderwerp uit het nieuws.<\/p>\n<p class=\"sc-2ea02837-0 fedhGB\" id=\"120891522010559\"><a href=\"https:\/\/plinkhq.com\/i\/1555232129\" data-tracking=\"elementType=external-link|elementId=https:\/\/plinkhq.com\/i\/1555232129|eventType=navigation|eventName=open\" target=\"_blank\" rel=\"nofollow noopener\">Lang verhaal kort<\/a>: elke werkdag rond vijven \u00e9\u00e9n onderwerp, in 5 minuten. NOS op 3 vertelt je wat je moet weten over een actueel onderwerp om het nieuws erover beter te kunnen volgen.<\/p>\n<p class=\"sc-2ea02837-0 fedhGB\" id=\"775988765824079\"><a href=\"https:\/\/www.nporadio1.nl\/podcasts\/nos-met-het-oog-op-morgen\" data-tracking=\"elementType=external-link|elementId=https:\/\/www.nporadio1.nl\/podcasts\/nos-met-het-oog-op-morgen|eventType=navigation|eventName=open\" target=\"_blank\" rel=\"nofollow noopener\">Met het Oog op Morgen<\/a>: elke dag een overzicht van het nieuws, een blik in de ochtendkranten en het betere journalistieke interview.<\/p>\n<p class=\"sc-2ea02837-0 fedhGB\" id=\"174913401051526\"><a href=\"https:\/\/www.nporadio1.nl\/podcasts\/het-beste-uit-het-oog\" data-tracking=\"elementType=external-link|elementId=https:\/\/www.nporadio1.nl\/podcasts\/het-beste-uit-het-oog|eventType=navigation|eventName=open\" target=\"_blank\" rel=\"nofollow noopener\">Het Beste uit het Oog<\/a>: iedere zaterdag selecteert de redactie van Met het Oog op Morgen de mooiste gesprekken van de afgelopen week.<\/p>\n<p class=\"sc-2ea02837-0 fedhGB\" id=\"528100903306153\"><a href=\"https:\/\/www.zapp.nl\/programmas\/nos-jeugdjournaal-podcast\" data-tracking=\"elementType=external-link|elementId=https:\/\/www.zapp.nl\/programmas\/nos-jeugdjournaal-podcast|eventType=navigation|eventName=open\" target=\"_blank\" rel=\"nofollow noopener\">Jeugdjournaal-podcast<\/a>: iedere week vindt het Jeugdjournaal antwoorden op vragen van kinderen bij het nieuws.<\/p>\n","protected":false},"excerpt":{"rendered":"ANP NOS Nieuws\u2022gisteren, 13:24 De Europese Unie staat op het punt een besluit te nemen met mogelijk grote&hellip;\n","protected":false},"author":2,"featured_media":86071,"comment_status":"","ping_status":"","sticky":false,"template":"","format":"standard","meta":{"footnotes":""},"categories":[5],"tags":[39,40,5013,48,1816,43,44,34,35,41,42,46,47,49,45,32,33,50,321,466,155,36,37,38],"class_list":{"0":"post-86070","1":"post","2":"type-post","3":"status-publish","4":"format-standard","5":"has-post-thumbnail","7":"category-hoofdpunten","8":"tag-breaking-news","9":"tag-breakingnews","10":"tag-de-dag","11":"tag-dutch","12":"tag-eu","13":"tag-featured-news","14":"tag-featurednews","15":"tag-headlines","16":"tag-hoofdpunten","17":"tag-latest-news","18":"tag-latestnews","19":"tag-nederland","20":"tag-nederlanden","21":"tag-nederlands","22":"tag-netherlands","23":"tag-news","24":"tag-nieuws","25":"tag-nl","26":"tag-oekraine","27":"tag-podcast","28":"tag-rusland","29":"tag-top-stories","30":"tag-topstories","31":"tag-voorpaginanieuws"},"share_on_mastodon":{"url":"https:\/\/pubeurope.com\/@nl\/115730279823560528","error":""},"_links":{"self":[{"href":"https:\/\/www.europesays.com\/nl\/wp-json\/wp\/v2\/posts\/86070","targetHints":{"allow":["GET"]}}],"collection":[{"href":"https:\/\/www.europesays.com\/nl\/wp-json\/wp\/v2\/posts"}],"about":[{"href":"https:\/\/www.europesays.com\/nl\/wp-json\/wp\/v2\/types\/post"}],"author":[{"embeddable":true,"href":"https:\/\/www.europesays.com\/nl\/wp-json\/wp\/v2\/users\/2"}],"replies":[{"embeddable":true,"href":"https:\/\/www.europesays.com\/nl\/wp-json\/wp\/v2\/comments?post=86070"}],"version-history":[{"count":0,"href":"https:\/\/www.europesays.com\/nl\/wp-json\/wp\/v2\/posts\/86070\/revisions"}],"wp:featuredmedia":[{"embeddable":true,"href":"https:\/\/www.europesays.com\/nl\/wp-json\/wp\/v2\/media\/86071"}],"wp:attachment":[{"href":"https:\/\/www.europesays.com\/nl\/wp-json\/wp\/v2\/media?parent=86070"}],"wp:term":[{"taxonomy":"category","embeddable":true,"href":"https:\/\/www.europesays.com\/nl\/wp-json\/wp\/v2\/categories?post=86070"},{"taxonomy":"post_tag","embeddable":true,"href":"https:\/\/www.europesays.com\/nl\/wp-json\/wp\/v2\/tags?post=86070"}],"curies":[{"name":"wp","href":"https:\/\/api.w.org\/{rel}","templated":true}]}}