{"id":86516,"date":"2025-12-17T05:52:10","date_gmt":"2025-12-17T05:52:10","guid":{"rendered":"https:\/\/www.europesays.com\/nl\/86516\/"},"modified":"2025-12-17T05:52:10","modified_gmt":"2025-12-17T05:52:10","slug":"steun-belgie-essentieel-voor-inzetten-bevroren-russische-tegoeden","status":"publish","type":"post","link":"https:\/\/www.europesays.com\/nl\/86516\/","title":{"rendered":"steun Belgi\u00eb essentieel voor inzetten bevroren Russische tegoeden"},"content":{"rendered":"<p>De Tweede Kamer debatteerde gisteravond over het gebruiken van Russisch geld voor steun voor Oekra\u00efne via een lening. Eerder op de dag was de Oekra\u00efense president Volodymyr Zelensky <a href=\"https:\/\/www.rtlnieuws.nl\/nieuws\/politiek\/artikel\/5544720\/zelensky-spreekt-tweede-kamer\" rel=\"nofollow noopener\" target=\"_blank\">in de Tweede Kamer<\/a>: hij riep op de miljarden euro&#8217;s aan bevroren Russische tegoeden in te zetten voor zijn land.\u00a0<\/p>\n<p> Brede steun Tweede Kamer <\/p>\n<p>&#8220;De oproep van Zelensky kon op brede steun rekenen van de Tweede Kamer&#8221;, zegt politiek verslaggever Roel Schreinemachers. Ook het kabinet is voorstander van het plan. &#8220;Maar dat er in Nederland steun voor is, betekent nog niet dat het een gelopen race is, want Belgi\u00eb heeft er moeite mee.&#8221;<\/p>\n<p>Hoe het zit met de Russische miljarden die de EU in wil zetten voor Oekra\u00efne, zie je in deze video: \u00a0\u00a0<\/p>\n<p>Belgi\u00eb wil niet dat het Russische geld dat in dat land geparkeerd staat gebruikt wordt voor een lening voor Oekra\u00efne. De regering van premier Bart De Wever vreest dat Belgi\u00eb in de toekomst financieel aansprakelijk kan worden gesteld.\u00a0<\/p>\n<p><a href=\"https:\/\/www.rtl.nl\/nieuws\/economie\/artikel\/5544291\/cruciaal-besluit-over-russisch-geld-heeft-enorme-consequenties-voor\" rel=\"nofollow noopener\" target=\"_blank\">Experts legden eerder aan RTL Z uit<\/a> dat het gebruiken van het Russische geld &#8216;enorme consequenties&#8217; kan hebben voor het financi\u00eble stelsel en voor Europa.<\/p>\n<p>Intussen <a href=\"https:\/\/www.rtl.nl\/nieuws\/economie\/artikel\/5544118\/russen-voeren-druk-op-vanwege-bevroren-tegoeden-rechtszaak-en\" rel=\"nofollow noopener\" target=\"_blank\">voert Rusland de druk op<\/a> vanwege het EU-plan.\u00a0<\/p>\n<p>Het plan: 90 miljard inzetten <\/p>\n<p>De Europese Commissie wil 90 miljard euro aan Russische tegoeden, die nu staan bij het bedrijf Euroclear in Brussel, uitlenen aan Oekra\u00efne.\u00a0<\/p>\n<p>Rusland kan het geld terugkrijgen zodra de oorlog voorbij is en de Russen betalen voor de schade die ze hebben aangericht. Met dat schadegeld kan Oekra\u00efne vervolgens de lening weer afbetalen.\u00a0<\/p>\n<p>Garant staan <\/p>\n<p>Demissionair premier Schoof zei gisteravond tijdens het Kamerdebat dat hij hoopt dat alle EU-landen garant willen staan voor een deel van de 90 miljard euro die aan Oekra\u00efne moet worden uitgeleend.\u00a0<\/p>\n<p>Voor Nederland zou het volgens hem gaan om een bedrag van 13,4 miljard euro, dat is 6,4 procent van ons bruto nationaal inkomen (bni).\u00a0<\/p>\n<p>&#8220;We moeten donderdag of vrijdag tot een oplossing komen&#8221;, zei Schoof. Dan vindt er een EU-top over het onderwerp plaats. &#8220;Het belooft in Brussel nog een pittige discussie te worden&#8221;, zegt verslaggever Schreinemachers.\u00a0<\/p>\n<p>Premier Schoof heeft laten weten dat als dit plan niet slaagt, er op een andere manier steun moet worden gevonden voor Oekra\u00efne.<\/p>\n<p>Bekijk hier wat de Oekra\u00efense president Volodymyr Zelensky verder zei in zijn toespraak voor de Tweede Kamer:\u00a0<\/p>\n","protected":false},"excerpt":{"rendered":"De Tweede Kamer debatteerde gisteravond over het gebruiken van Russisch geld voor steun voor Oekra\u00efne via een lening.&hellip;\n","protected":false},"author":2,"featured_media":86517,"comment_status":"","ping_status":"","sticky":false,"template":"","format":"standard","meta":{"footnotes":""},"categories":[17],"tags":[4574,73,74,1835,48,46,47,49,45,50,321,1374,155,1794,75],"class_list":{"0":"post-86516","1":"post","2":"type-post","3":"status-publish","4":"format-standard","5":"has-post-thumbnail","7":"category-zakelijk","8":"tag-bart-de-wever","9":"tag-business","10":"tag-commercial","11":"tag-dick-schoof","12":"tag-dutch","13":"tag-nederland","14":"tag-nederlanden","15":"tag-nederlands","16":"tag-netherlands","17":"tag-nl","18":"tag-oekraine","19":"tag-oorlog-in-oekraine","20":"tag-rusland","21":"tag-sancties","22":"tag-zakelijk"},"share_on_mastodon":{"url":"https:\/\/pubeurope.com\/@nl\/115733354474111759","error":""},"_links":{"self":[{"href":"https:\/\/www.europesays.com\/nl\/wp-json\/wp\/v2\/posts\/86516","targetHints":{"allow":["GET"]}}],"collection":[{"href":"https:\/\/www.europesays.com\/nl\/wp-json\/wp\/v2\/posts"}],"about":[{"href":"https:\/\/www.europesays.com\/nl\/wp-json\/wp\/v2\/types\/post"}],"author":[{"embeddable":true,"href":"https:\/\/www.europesays.com\/nl\/wp-json\/wp\/v2\/users\/2"}],"replies":[{"embeddable":true,"href":"https:\/\/www.europesays.com\/nl\/wp-json\/wp\/v2\/comments?post=86516"}],"version-history":[{"count":0,"href":"https:\/\/www.europesays.com\/nl\/wp-json\/wp\/v2\/posts\/86516\/revisions"}],"wp:featuredmedia":[{"embeddable":true,"href":"https:\/\/www.europesays.com\/nl\/wp-json\/wp\/v2\/media\/86517"}],"wp:attachment":[{"href":"https:\/\/www.europesays.com\/nl\/wp-json\/wp\/v2\/media?parent=86516"}],"wp:term":[{"taxonomy":"category","embeddable":true,"href":"https:\/\/www.europesays.com\/nl\/wp-json\/wp\/v2\/categories?post=86516"},{"taxonomy":"post_tag","embeddable":true,"href":"https:\/\/www.europesays.com\/nl\/wp-json\/wp\/v2\/tags?post=86516"}],"curies":[{"name":"wp","href":"https:\/\/api.w.org\/{rel}","templated":true}]}}